{"id":17866,"date":"2024-01-24T15:14:26","date_gmt":"2024-01-24T21:14:26","guid":{"rendered":"https:\/\/gobernacionaltaverapaz.gob.gt\/?p=17866"},"modified":"2024-01-26T09:24:39","modified_gmt":"2024-01-26T15:24:39","slug":"reunion-de-trabajo-con-la-muni-santa-cruz-verapaz-en-las-oficinas-de-la-ninez-adolescencia-y-juventud","status":"publish","type":"post","link":"https:\/\/gobernacionaltaverapaz.gob.gt\/?p=17866","title":{"rendered":"Reuni\u00f3n de trabajo con la Muni Santa Cruz Verapaz en las oficinas de la ni\u00f1ez, adolescencia y juventud"},"content":{"rendered":"<p style=\"text-align: justify;\"><a href=\"https:\/\/www.facebook.com\/hashtag\/altaverapaz?__eep__=6&amp;__cft__[0]=AZXr4mwJNnGmE_2oQ24yLaNFWmQb5GKWP4Hz-skOHhZfBu99gu5cp-WsPJwty_dQRQ2dL_D_Igi_1Ru7zZ9dwIQ6Oz_ywtkgII6HJkKpSftYLd8PsSdGg3aY-POwQAHBYp5QVopKPxOiEmc46dE8G10FuxpajNsaEArBoLqN4FBvogASHbNr5sFFuMF2BJjlepU&amp;__tn__=*NK-R\" target=\"_blank\" rel=\"noopener\">#AltaVerapaz<\/a><\/p>\n<p style=\"text-align: justify;\">El Departamento de Organizaci\u00f3n para la Prevenci\u00f3n comunitaria de la Violencia Juvenil a trav\u00e9s del programa *Escuelas Seguras*, llev\u00f3 a cabo una reuni\u00f3n de trabajo con la <a href=\"https:\/\/www.facebook.com\/SantaCruzVerapazAV?__cft__[0]=AZXr4mwJNnGmE_2oQ24yLaNFWmQb5GKWP4Hz-skOHhZfBu99gu5cp-WsPJwty_dQRQ2dL_D_Igi_1Ru7zZ9dwIQ6Oz_ywtkgII6HJkKpSftYLd8PsSdGg3aY-POwQAHBYp5QVopKPxOiEmc46dE8G10FuxpajNsaEArBoLqN4FBvogASHbNr5sFFuMF2BJjlepU&amp;__tn__=-]K-R\" target=\"_blank\" rel=\"noopener\">Muni Santa Cruz Verapaz<\/a> en las oficinas de la ni\u00f1ez, adolescencia y juventud con el fin de fortalecer el trabajo de la <a href=\"https:\/\/www.facebook.com\/hashtag\/upcv?__eep__=6&amp;__cft__[0]=AZXr4mwJNnGmE_2oQ24yLaNFWmQb5GKWP4Hz-skOHhZfBu99gu5cp-WsPJwty_dQRQ2dL_D_Igi_1Ru7zZ9dwIQ6Oz_ywtkgII6HJkKpSftYLd8PsSdGg3aY-POwQAHBYp5QVopKPxOiEmc46dE8G10FuxpajNsaEArBoLqN4FBvogASHbNr5sFFuMF2BJjlepU&amp;__tn__=*NK-R\" target=\"_blank\" rel=\"noopener\">#UPCV<\/a> y lograr la apertura de espacios en temas de prevenci\u00f3n y as\u00ed lograr una cultura de paz en el municipio.<\/p>\n<p style=\"text-align: justify;\"><a href=\"https:\/\/www.facebook.com\/hashtag\/accionesquetransforman?__eep__=6&amp;__cft__[0]=AZXr4mwJNnGmE_2oQ24yLaNFWmQb5GKWP4Hz-skOHhZfBu99gu5cp-WsPJwty_dQRQ2dL_D_Igi_1Ru7zZ9dwIQ6Oz_ywtkgII6HJkKpSftYLd8PsSdGg3aY-POwQAHBYp5QVopKPxOiEmc46dE8G10FuxpajNsaEArBoLqN4FBvogASHbNr5sFFuMF2BJjlepU&amp;__tn__=*NK-R\" target=\"_blank\" rel=\"noopener\">#AccionesQueTransforman<\/a><\/p>\n<p><img decoding=\"async\" loading=\"lazy\" class=\"alignnone size-full wp-image-17868\" src=\"https:\/\/gobernacionaltaverapaz.gob.gt\/wp-content\/uploads\/2024\/01\/002-1.jpg\" alt=\"\" width=\"900\" height=\"506\" srcset=\"https:\/\/gobernacionaltaverapaz.gob.gt\/wp-content\/uploads\/2024\/01\/002-1.jpg 900w, https:\/\/gobernacionaltaverapaz.gob.gt\/wp-content\/uploads\/2024\/01\/002-1-300x169.jpg 300w, https:\/\/gobernacionaltaverapaz.gob.gt\/wp-content\/uploads\/2024\/01\/002-1-768x432.jpg 768w\" sizes=\"(max-width: 900px) 100vw, 900px\" \/><\/p>\n","protected":false},"excerpt":{"rendered":"<p>#AltaVerapaz El Departamento de Organizaci\u00f3n para la Prevenci\u00f3n comunitaria de la Violencia Juvenil a trav\u00e9s del programa *Escuelas Seguras*, llev\u00f3 a cabo una reuni\u00f3n de trabajo con la Muni Santa Cruz Verapaz en las oficinas de la ni\u00f1ez, adolescencia y juventud con el fin de fortalecer el trabajo de la #UPCV y lograr la apertura [&hellip;]<\/p>\n","protected":false},"author":1,"featured_media":17867,"comment_status":"closed","ping_status":"open","sticky":false,"template":"","format":"standard","meta":[],"categories":[191],"tags":[178],"_links":{"self":[{"href":"https:\/\/gobernacionaltaverapaz.gob.gt\/index.php?rest_route=\/wp\/v2\/posts\/17866"}],"collection":[{"href":"https:\/\/gobernacionaltaverapaz.gob.gt\/index.php?rest_route=\/wp\/v2\/posts"}],"about":[{"href":"https:\/\/gobernacionaltaverapaz.gob.gt\/index.php?rest_route=\/wp\/v2\/types\/post"}],"author":[{"embeddable":true,"href":"https:\/\/gobernacionaltaverapaz.gob.gt\/index.php?rest_route=\/wp\/v2\/users\/1"}],"replies":[{"embeddable":true,"href":"https:\/\/gobernacionaltaverapaz.gob.gt\/index.php?rest_route=%2Fwp%2Fv2%2Fcomments&post=17866"}],"version-history":[{"count":2,"href":"https:\/\/gobernacionaltaverapaz.gob.gt\/index.php?rest_route=\/wp\/v2\/posts\/17866\/revisions"}],"predecessor-version":[{"id":17870,"href":"https:\/\/gobernacionaltaverapaz.gob.gt\/index.php?rest_route=\/wp\/v2\/posts\/17866\/revisions\/17870"}],"wp:featuredmedia":[{"embeddable":true,"href":"https:\/\/gobernacionaltaverapaz.gob.gt\/index.php?rest_route=\/wp\/v2\/media\/17867"}],"wp:attachment":[{"href":"https:\/\/gobernacionaltaverapaz.gob.gt\/index.php?rest_route=%2Fwp%2Fv2%2Fmedia&parent=17866"}],"wp:term":[{"taxonomy":"category","embeddable":true,"href":"https:\/\/gobernacionaltaverapaz.gob.gt\/index.php?rest_route=%2Fwp%2Fv2%2Fcategories&post=17866"},{"taxonomy":"post_tag","embeddable":true,"href":"https:\/\/gobernacionaltaverapaz.gob.gt\/index.php?rest_route=%2Fwp%2Fv2%2Ftags&post=17866"}],"curies":[{"name":"wp","href":"https:\/\/api.w.org\/{rel}","templated":true}]}}