{"id":17871,"date":"2024-01-24T17:45:13","date_gmt":"2024-01-24T23:45:13","guid":{"rendered":"https:\/\/gobernacionaltaverapaz.gob.gt\/?p=17871"},"modified":"2024-01-26T09:37:17","modified_gmt":"2024-01-26T15:37:17","slug":"reunion-de-trabajo-dirigida-por-el-consejo-departamental-de-desarrollo","status":"publish","type":"post","link":"https:\/\/gobernacionaltaverapaz.gob.gt\/?p=17871","title":{"rendered":"Reuni\u00f3n de trabajo dirigida por el Consejo Departamental de Desarrollo"},"content":{"rendered":"<p><a href=\"https:\/\/www.facebook.com\/hashtag\/altaverapaz?__eep__=6&amp;__cft__[0]=AZU1UIMkz96CBUnx4wL1FH1ipvFcjadEfzTJ9RFi6z1gNjW1uvyVzn9BsDCj8_daKxsg-eV7DKSRfLrTlstTHq5vVF77HFKy512prEZuiklT5985xh5qkJ6Ix2sceWQej0EoWi1xr-wpib01d3aYwGLR6R2m9YztcK-srXmKfEkr002Nm5na74nW_vX3bjasDyM&amp;__tn__=*NK-R\" target=\"_blank\" rel=\"noopener\">#AltaVerapaz<\/a><\/p>\n<p style=\"text-align: justify;\">El d\u00eda de hoy la Se\u00f1ora Gobernadora Departamental de Alta Verapaz, Lcda. Angela Alvarado particip\u00f3 en una reuni\u00f3n de trabajo dirigida por el Consejo Departamental de Desarrollo, en donde se cont\u00f3 con la presencia de alcaldes municipales del departamento y Directores Municipales de Planificaci\u00f3n.<\/p>\n<p style=\"text-align: justify;\">Con el objetivo de desarrollar los lineamientos sobre los procesos de reprogramaci\u00f3n 2024 y\u00a0 Lineamientos de ejecuci\u00f3n de inversi\u00f3n 2024.<\/p>\n<div><\/div>\n","protected":false},"excerpt":{"rendered":"<p>Con el objetivo de desarrollar los lineamientos sobre los procesos de reprogramaci\u00f3n 2024 y\u00a0 Lineamientos de ejecuci\u00f3n de inversi\u00f3n 2024.<\/p>\n","protected":false},"author":1,"featured_media":17878,"comment_status":"closed","ping_status":"open","sticky":false,"template":"","format":"gallery","meta":[],"categories":[183],"tags":[178],"_links":{"self":[{"href":"https:\/\/gobernacionaltaverapaz.gob.gt\/index.php?rest_route=\/wp\/v2\/posts\/17871"}],"collection":[{"href":"https:\/\/gobernacionaltaverapaz.gob.gt\/index.php?rest_route=\/wp\/v2\/posts"}],"about":[{"href":"https:\/\/gobernacionaltaverapaz.gob.gt\/index.php?rest_route=\/wp\/v2\/types\/post"}],"author":[{"embeddable":true,"href":"https:\/\/gobernacionaltaverapaz.gob.gt\/index.php?rest_route=\/wp\/v2\/users\/1"}],"replies":[{"embeddable":true,"href":"https:\/\/gobernacionaltaverapaz.gob.gt\/index.php?rest_route=%2Fwp%2Fv2%2Fcomments&post=17871"}],"version-history":[{"count":2,"href":"https:\/\/gobernacionaltaverapaz.gob.gt\/index.php?rest_route=\/wp\/v2\/posts\/17871\/revisions"}],"predecessor-version":[{"id":17881,"href":"https:\/\/gobernacionaltaverapaz.gob.gt\/index.php?rest_route=\/wp\/v2\/posts\/17871\/revisions\/17881"}],"wp:featuredmedia":[{"embeddable":true,"href":"https:\/\/gobernacionaltaverapaz.gob.gt\/index.php?rest_route=\/wp\/v2\/media\/17878"}],"wp:attachment":[{"href":"https:\/\/gobernacionaltaverapaz.gob.gt\/index.php?rest_route=%2Fwp%2Fv2%2Fmedia&parent=17871"}],"wp:term":[{"taxonomy":"category","embeddable":true,"href":"https:\/\/gobernacionaltaverapaz.gob.gt\/index.php?rest_route=%2Fwp%2Fv2%2Fcategories&post=17871"},{"taxonomy":"post_tag","embeddable":true,"href":"https:\/\/gobernacionaltaverapaz.gob.gt\/index.php?rest_route=%2Fwp%2Fv2%2Ftags&post=17871"}],"curies":[{"name":"wp","href":"https:\/\/api.w.org\/{rel}","templated":true}]}}