{"id":17882,"date":"2024-01-25T08:34:40","date_gmt":"2024-01-25T14:34:40","guid":{"rendered":"https:\/\/gobernacionaltaverapaz.gob.gt\/?p=17882"},"modified":"2024-01-26T09:57:57","modified_gmt":"2024-01-26T15:57:57","slug":"upcv-participo-en-la-reunion-ordinaria-de-la-comision-municipal-de-prevencion-de-violencia-y-el-delito","status":"publish","type":"post","link":"https:\/\/gobernacionaltaverapaz.gob.gt\/?p=17882","title":{"rendered":"UPCV particip\u00f3 en la Reuni\u00f3n Ordinaria de la Comisi\u00f3n Municipal de Prevenci\u00f3n de Violencia y el Delito"},"content":{"rendered":"<p style=\"text-align: justify;\"><a href=\"https:\/\/www.facebook.com\/hashtag\/altaverapaz?__eep__=6&amp;__cft__[0]=AZXIKdYqV0l3VeJ00uzpOzySyDH3w9K2E3RasLPubKTug8JI1K8dMqZ58qfkmdV-QnSd0vSAPwzRNxGEv8HBLQCHly4ZjhfAXVkEjgs4QsN6xez5UibZ3TJQhVCEoi1Bu3PqBf3hl_Esk0OFVcuGOKmW9fPoUZEHgJCMeBQqVy0M-QrTBIZklMZkT1A1S945bMg&amp;__tn__=*NK-R\" target=\"_blank\" rel=\"noopener\">#AltaVerapaz<\/a><\/p>\n<p style=\"text-align: justify;\">La Secci\u00f3n de Capacitaci\u00f3n y Desarrollo Institucional de la Unidad Para La Prevenci\u00f3n Comunitaria de La Violencia <a href=\"https:\/\/www.facebook.com\/hashtag\/upcv?__eep__=6&amp;__cft__[0]=AZXIKdYqV0l3VeJ00uzpOzySyDH3w9K2E3RasLPubKTug8JI1K8dMqZ58qfkmdV-QnSd0vSAPwzRNxGEv8HBLQCHly4ZjhfAXVkEjgs4QsN6xez5UibZ3TJQhVCEoi1Bu3PqBf3hl_Esk0OFVcuGOKmW9fPoUZEHgJCMeBQqVy0M-QrTBIZklMZkT1A1S945bMg&amp;__tn__=*NK-R\" target=\"_blank\" rel=\"noopener\">#UPCV<\/a> particip\u00f3 en la Reuni\u00f3n Ordinaria de la Comisi\u00f3n Municipal de Prevenci\u00f3n de Violencia y el Delito <a href=\"https:\/\/www.facebook.com\/hashtag\/comupre?__eep__=6&amp;__cft__[0]=AZXIKdYqV0l3VeJ00uzpOzySyDH3w9K2E3RasLPubKTug8JI1K8dMqZ58qfkmdV-QnSd0vSAPwzRNxGEv8HBLQCHly4ZjhfAXVkEjgs4QsN6xez5UibZ3TJQhVCEoi1Bu3PqBf3hl_Esk0OFVcuGOKmW9fPoUZEHgJCMeBQqVy0M-QrTBIZklMZkT1A1S945bMg&amp;__tn__=*NK-R\" target=\"_blank\" rel=\"noopener\">#COMUPRE<\/a> del Municipio de Tactic.<\/p>\n<p style=\"text-align: justify;\">Con el objetivo de apertura de las actividades para el presente a\u00f1o para la prevenci\u00f3n de la violencia en el municipio y lograr una cultura de paz libre de Violencia.<\/p>\n<p><a href=\"https:\/\/www.facebook.com\/hashtag\/prevenirmellega?__eep__=6&amp;__cft__[0]=AZXIKdYqV0l3VeJ00uzpOzySyDH3w9K2E3RasLPubKTug8JI1K8dMqZ58qfkmdV-QnSd0vSAPwzRNxGEv8HBLQCHly4ZjhfAXVkEjgs4QsN6xez5UibZ3TJQhVCEoi1Bu3PqBf3hl_Esk0OFVcuGOKmW9fPoUZEHgJCMeBQqVy0M-QrTBIZklMZkT1A1S945bMg&amp;__tn__=*NK-R\" target=\"_blank\" rel=\"noopener\">#PrevenirMeLlega<\/a><\/p>\n<p><img decoding=\"async\" loading=\"lazy\" class=\"alignnone size-full wp-image-17883\" src=\"https:\/\/gobernacionaltaverapaz.gob.gt\/wp-content\/uploads\/2024\/01\/001-4.jpg\" alt=\"\" width=\"900\" height=\"485\" srcset=\"https:\/\/gobernacionaltaverapaz.gob.gt\/wp-content\/uploads\/2024\/01\/001-4.jpg 900w, https:\/\/gobernacionaltaverapaz.gob.gt\/wp-content\/uploads\/2024\/01\/001-4-300x162.jpg 300w, https:\/\/gobernacionaltaverapaz.gob.gt\/wp-content\/uploads\/2024\/01\/001-4-768x414.jpg 768w\" sizes=\"(max-width: 900px) 100vw, 900px\" \/> <img decoding=\"async\" loading=\"lazy\" class=\"alignnone size-full wp-image-17884\" src=\"https:\/\/gobernacionaltaverapaz.gob.gt\/wp-content\/uploads\/2024\/01\/002-3.jpg\" alt=\"\" width=\"900\" height=\"509\" srcset=\"https:\/\/gobernacionaltaverapaz.gob.gt\/wp-content\/uploads\/2024\/01\/002-3.jpg 900w, https:\/\/gobernacionaltaverapaz.gob.gt\/wp-content\/uploads\/2024\/01\/002-3-300x170.jpg 300w, https:\/\/gobernacionaltaverapaz.gob.gt\/wp-content\/uploads\/2024\/01\/002-3-768x434.jpg 768w\" sizes=\"(max-width: 900px) 100vw, 900px\" \/><\/p>\n","protected":false},"excerpt":{"rendered":"<p>#AltaVerapaz La Secci\u00f3n de Capacitaci\u00f3n y Desarrollo Institucional de la Unidad Para La Prevenci\u00f3n Comunitaria de La Violencia #UPCV particip\u00f3 en la Reuni\u00f3n Ordinaria de la Comisi\u00f3n Municipal de Prevenci\u00f3n de Violencia y el Delito #COMUPRE del Municipio de Tactic. Con el objetivo de apertura de las actividades para el presente a\u00f1o para la prevenci\u00f3n [&hellip;]<\/p>\n","protected":false},"author":1,"featured_media":17885,"comment_status":"closed","ping_status":"open","sticky":false,"template":"","format":"standard","meta":[],"categories":[191],"tags":[178],"_links":{"self":[{"href":"https:\/\/gobernacionaltaverapaz.gob.gt\/index.php?rest_route=\/wp\/v2\/posts\/17882"}],"collection":[{"href":"https:\/\/gobernacionaltaverapaz.gob.gt\/index.php?rest_route=\/wp\/v2\/posts"}],"about":[{"href":"https:\/\/gobernacionaltaverapaz.gob.gt\/index.php?rest_route=\/wp\/v2\/types\/post"}],"author":[{"embeddable":true,"href":"https:\/\/gobernacionaltaverapaz.gob.gt\/index.php?rest_route=\/wp\/v2\/users\/1"}],"replies":[{"embeddable":true,"href":"https:\/\/gobernacionaltaverapaz.gob.gt\/index.php?rest_route=%2Fwp%2Fv2%2Fcomments&post=17882"}],"version-history":[{"count":1,"href":"https:\/\/gobernacionaltaverapaz.gob.gt\/index.php?rest_route=\/wp\/v2\/posts\/17882\/revisions"}],"predecessor-version":[{"id":17886,"href":"https:\/\/gobernacionaltaverapaz.gob.gt\/index.php?rest_route=\/wp\/v2\/posts\/17882\/revisions\/17886"}],"wp:featuredmedia":[{"embeddable":true,"href":"https:\/\/gobernacionaltaverapaz.gob.gt\/index.php?rest_route=\/wp\/v2\/media\/17885"}],"wp:attachment":[{"href":"https:\/\/gobernacionaltaverapaz.gob.gt\/index.php?rest_route=%2Fwp%2Fv2%2Fmedia&parent=17882"}],"wp:term":[{"taxonomy":"category","embeddable":true,"href":"https:\/\/gobernacionaltaverapaz.gob.gt\/index.php?rest_route=%2Fwp%2Fv2%2Fcategories&post=17882"},{"taxonomy":"post_tag","embeddable":true,"href":"https:\/\/gobernacionaltaverapaz.gob.gt\/index.php?rest_route=%2Fwp%2Fv2%2Ftags&post=17882"}],"curies":[{"name":"wp","href":"https:\/\/api.w.org\/{rel}","templated":true}]}}