{"id":17910,"date":"2024-01-31T11:31:46","date_gmt":"2024-01-31T17:31:46","guid":{"rendered":"https:\/\/gobernacionaltaverapaz.gob.gt\/?p=17910"},"modified":"2024-03-18T11:08:39","modified_gmt":"2024-03-18T17:08:39","slug":"firma-del-convenio-de-adhesion","status":"publish","type":"post","link":"https:\/\/gobernacionaltaverapaz.gob.gt\/?p=17910","title":{"rendered":"Firma del  Convenio de Adhesi\u00f3n"},"content":{"rendered":"<p style=\"text-align: justify;\"><span class=\"x193iq5w xeuugli x13faqbe x1vvkbs x1xmvt09 x1lliihq x1s928wv xhkezso x1gmr53x x1cpjm7i x1fgarty x1943h6x xudqn12 x3x7a5m x6prxxf xvq8zen xo1l8bm xzsf02u x1yc453h\" dir=\"auto\">Inicia en el Sal\u00f3n Mayor del <a class=\"x1i10hfl xjbqb8w x1ejq31n xd10rxx x1sy0etr x17r0tee x972fbf xcfux6l x1qhh985 xm0m39n x9f619 x1ypdohk xt0psk2 xe8uvvx xdj266r x11i5rnm xat24cr x1mh8g0r xexx8yu x4uap5 x18d9i69 xkhd6sd x16tdsg8 x1hl2dhg xggy1nq x1a2a7pz xt0b8zv x1fey0fg xo1l8bm\" tabindex=\"0\" role=\"link\" href=\"https:\/\/www.facebook.com\/hashtag\/mingob?__eep__=6&amp;__cft__[0]=AZVq-H4Xs6bTPgVcmv6VB8kmMOuyEqYCVCkl_srQiOUqq3UTa3DBI_540ZoM3uLP6LOmmNFyNzGhEMidhxn3V0PCS89eVvy6NAgrnrFeM77VYBhzQqdvjhQmRsZmGCN0lBt3WmXiO_HSAfVwxJ4R0lHc-yDqjOJ8wFqWciWiDfls30uE5LjFZcIgBx719V-AXsa2ETxJNUrsFtuCx6FVsv2j&amp;__tn__=*NK-y-R\">#Mingob<\/a>, la firma del Convenio de Adhesi\u00f3n de esta cartera a la Mesa de Di\u00e1logo y Cooperaci\u00f3n P\u00fablico-Privada en temas aduaneros. Preside el Ministro<a class=\"x1i10hfl xjbqb8w x1ejq31n xd10rxx x1sy0etr x17r0tee x972fbf xcfux6l x1qhh985 xm0m39n x9f619 x1ypdohk xt0psk2 xe8uvvx xdj266r x11i5rnm xat24cr x1mh8g0r xexx8yu x4uap5 x18d9i69 xkhd6sd x16tdsg8 x1hl2dhg xggy1nq x1a2a7pz xt0b8zv x1fey0fg xo1l8bm\" tabindex=\"0\" role=\"link\" href=\"https:\/\/www.facebook.com\/profile.php?id=61555664902128&amp;__cft__[0]=AZVq-H4Xs6bTPgVcmv6VB8kmMOuyEqYCVCkl_srQiOUqq3UTa3DBI_540ZoM3uLP6LOmmNFyNzGhEMidhxn3V0PCS89eVvy6NAgrnrFeM77VYBhzQqdvjhQmRsZmGCN0lBt3WmXiO_HSAfVwxJ4R0lHc-yDqjOJ8wFqWciWiDfls30uE5LjFZcIgBx719V-AXsa2ETxJNUrsFtuCx6FVsv2j&amp;__tn__=-]K-y-R\"><span class=\"xt0psk2\"> Francisco Jim\u00e9ne<\/span><\/a>z y el Superintendente de<a class=\"x1i10hfl xjbqb8w x1ejq31n xd10rxx x1sy0etr x17r0tee x972fbf xcfux6l x1qhh985 xm0m39n x9f619 x1ypdohk xt0psk2 xe8uvvx xdj266r x11i5rnm xat24cr x1mh8g0r xexx8yu x4uap5 x18d9i69 xkhd6sd x16tdsg8 x1hl2dhg xggy1nq x1a2a7pz xt0b8zv x1fey0fg xo1l8bm\" tabindex=\"0\" role=\"link\" href=\"https:\/\/www.facebook.com\/SATgtRenovada?__cft__[0]=AZVq-H4Xs6bTPgVcmv6VB8kmMOuyEqYCVCkl_srQiOUqq3UTa3DBI_540ZoM3uLP6LOmmNFyNzGhEMidhxn3V0PCS89eVvy6NAgrnrFeM77VYBhzQqdvjhQmRsZmGCN0lBt3WmXiO_HSAfVwxJ4R0lHc-yDqjOJ8wFqWciWiDfls30uE5LjFZcIgBx719V-AXsa2ETxJNUrsFtuCx6FVsv2j&amp;__tn__=-]K-y-R\"><span class=\"xt0psk2\"> SAT Guatemal<\/span><\/a>a Marco Livio D\u00edaz. Asiste el Viceministro Werner Ovalle.<\/span><\/p>\n<p>&nbsp;<\/p>\n<p>&nbsp;<\/p>\n<div><\/div>\n","protected":false},"excerpt":{"rendered":"<p>Inicia en el Sal\u00f3n Mayor del #Mingob, la firma del Convenio de Adhesi\u00f3n de esta cartera a la Mesa de Di\u00e1logo y Cooperaci\u00f3n P\u00fablico-Privada en temas aduaneros. Preside el Ministro Francisco Jim\u00e9nez y el Superintendente de SAT Guatemala Marco Livio D\u00edaz. Asiste el Viceministro Werner Ovalle. &nbsp; &nbsp;<\/p>\n","protected":false},"author":1,"featured_media":17905,"comment_status":"closed","ping_status":"open","sticky":false,"template":"","format":"gallery","meta":[],"categories":[183],"tags":[178],"_links":{"self":[{"href":"https:\/\/gobernacionaltaverapaz.gob.gt\/index.php?rest_route=\/wp\/v2\/posts\/17910"}],"collection":[{"href":"https:\/\/gobernacionaltaverapaz.gob.gt\/index.php?rest_route=\/wp\/v2\/posts"}],"about":[{"href":"https:\/\/gobernacionaltaverapaz.gob.gt\/index.php?rest_route=\/wp\/v2\/types\/post"}],"author":[{"embeddable":true,"href":"https:\/\/gobernacionaltaverapaz.gob.gt\/index.php?rest_route=\/wp\/v2\/users\/1"}],"replies":[{"embeddable":true,"href":"https:\/\/gobernacionaltaverapaz.gob.gt\/index.php?rest_route=%2Fwp%2Fv2%2Fcomments&post=17910"}],"version-history":[{"count":1,"href":"https:\/\/gobernacionaltaverapaz.gob.gt\/index.php?rest_route=\/wp\/v2\/posts\/17910\/revisions"}],"predecessor-version":[{"id":17911,"href":"https:\/\/gobernacionaltaverapaz.gob.gt\/index.php?rest_route=\/wp\/v2\/posts\/17910\/revisions\/17911"}],"wp:featuredmedia":[{"embeddable":true,"href":"https:\/\/gobernacionaltaverapaz.gob.gt\/index.php?rest_route=\/wp\/v2\/media\/17905"}],"wp:attachment":[{"href":"https:\/\/gobernacionaltaverapaz.gob.gt\/index.php?rest_route=%2Fwp%2Fv2%2Fmedia&parent=17910"}],"wp:term":[{"taxonomy":"category","embeddable":true,"href":"https:\/\/gobernacionaltaverapaz.gob.gt\/index.php?rest_route=%2Fwp%2Fv2%2Fcategories&post=17910"},{"taxonomy":"post_tag","embeddable":true,"href":"https:\/\/gobernacionaltaverapaz.gob.gt\/index.php?rest_route=%2Fwp%2Fv2%2Ftags&post=17910"}],"curies":[{"name":"wp","href":"https:\/\/api.w.org\/{rel}","templated":true}]}}