{"id":17928,"date":"2024-02-02T15:05:08","date_gmt":"2024-02-02T21:05:08","guid":{"rendered":"https:\/\/gobernacionaltaverapaz.gob.gt\/?p=17928"},"modified":"2024-03-18T11:31:07","modified_gmt":"2024-03-18T17:31:07","slug":"reunion-extraordinaria-del-codede","status":"publish","type":"post","link":"https:\/\/gobernacionaltaverapaz.gob.gt\/?p=17928","title":{"rendered":"Reuni\u00f3n Extraordinaria del CODEDE"},"content":{"rendered":"<div class=\"x11i5rnm xat24cr x1mh8g0r x1vvkbs xtlvy1s x126k92a\">\n<div dir=\"auto\" style=\"text-align: justify;\">El d\u00eda de hoy se llev\u00f3 a cabo la Reuni\u00f3n Extraordinaria del CODEDE, presidida por la Se\u00f1ora Gobernadora Departamental de Alta Verapaz, Lcda. Angela Alvarado Ten\u00ed, para dar cumplimiento al art\u00edculo 01 del Acuerdo Gubernativo N\u00famero 28-2024, para la elecci\u00f3n de la Comisi\u00f3n de Recepci\u00f3n de Expedientes para postulantes a Gobernador(a) Departamental de Alta Verapaz.<\/div>\n<\/div>\n<div class=\"x11i5rnm xat24cr x1mh8g0r x1vvkbs xtlvy1s x126k92a\" style=\"text-align: justify;\">\n<div dir=\"auto\">Quedando la recepci\u00f3n de la documentaci\u00f3n de la siguiente manera:<\/div>\n<\/div>\n<div class=\"x11i5rnm xat24cr x1mh8g0r x1vvkbs xtlvy1s x126k92a\" style=\"text-align: justify;\">\n<div dir=\"auto\">\u2022 Recepci\u00f3n de expedientes a postulantes a gobernador (a) \u00fanica y exclusivamente a cargo de los representantes de organizaciones no gubernamentales, que estar\u00e1n ubicados en la sede del Consejo Departamental de Desarrollo, con direcci\u00f3n en la 6ta calle 1-76 zona 4 de Cob\u00e1n, Alta Verapaz.<\/div>\n<\/div>\n<div class=\"x11i5rnm xat24cr x1mh8g0r x1vvkbs xtlvy1s x126k92a\" style=\"text-align: justify;\">\n<div dir=\"auto\">\u2022 A partir del d\u00eda lunes 05 al d\u00eda viernes 09 de febrero del a\u00f1o en curso, en horario de 8:00am a 16:00 hrs.<\/div>\n<\/div>\n<div class=\"x11i5rnm xat24cr x1mh8g0r x1vvkbs xtlvy1s x126k92a\">\n<div dir=\"auto\" style=\"text-align: justify;\">\u2022 Los interesados deber\u00e1n presentarse al lugar, fechas y horarios establecidos cumpliendo con la documentaci\u00f3n correspondiente para ser part\u00edcipes del proceso.<\/div>\n<\/div>\n<p>&nbsp;<\/p>\n<p>&nbsp;<\/p>\n<div><\/div>\n","protected":false},"excerpt":{"rendered":"<p>El d\u00eda de hoy se llev\u00f3 a cabo la Reuni\u00f3n Extraordinaria del CODEDE, presidida por la Se\u00f1ora Gobernadora Departamental de Alta Verapaz, Lcda. Angela Alvarado Ten\u00ed, para dar cumplimiento al art\u00edculo 01 del Acuerdo Gubernativo N\u00famero 28-2024, para la elecci\u00f3n de la Comisi\u00f3n de Recepci\u00f3n de Expedientes para postulantes a Gobernador(a) Departamental de Alta Verapaz. [&hellip;]<\/p>\n","protected":false},"author":1,"featured_media":17916,"comment_status":"closed","ping_status":"open","sticky":false,"template":"","format":"gallery","meta":[],"categories":[194],"tags":[178],"_links":{"self":[{"href":"https:\/\/gobernacionaltaverapaz.gob.gt\/index.php?rest_route=\/wp\/v2\/posts\/17928"}],"collection":[{"href":"https:\/\/gobernacionaltaverapaz.gob.gt\/index.php?rest_route=\/wp\/v2\/posts"}],"about":[{"href":"https:\/\/gobernacionaltaverapaz.gob.gt\/index.php?rest_route=\/wp\/v2\/types\/post"}],"author":[{"embeddable":true,"href":"https:\/\/gobernacionaltaverapaz.gob.gt\/index.php?rest_route=\/wp\/v2\/users\/1"}],"replies":[{"embeddable":true,"href":"https:\/\/gobernacionaltaverapaz.gob.gt\/index.php?rest_route=%2Fwp%2Fv2%2Fcomments&post=17928"}],"version-history":[{"count":1,"href":"https:\/\/gobernacionaltaverapaz.gob.gt\/index.php?rest_route=\/wp\/v2\/posts\/17928\/revisions"}],"predecessor-version":[{"id":17929,"href":"https:\/\/gobernacionaltaverapaz.gob.gt\/index.php?rest_route=\/wp\/v2\/posts\/17928\/revisions\/17929"}],"wp:featuredmedia":[{"embeddable":true,"href":"https:\/\/gobernacionaltaverapaz.gob.gt\/index.php?rest_route=\/wp\/v2\/media\/17916"}],"wp:attachment":[{"href":"https:\/\/gobernacionaltaverapaz.gob.gt\/index.php?rest_route=%2Fwp%2Fv2%2Fmedia&parent=17928"}],"wp:term":[{"taxonomy":"category","embeddable":true,"href":"https:\/\/gobernacionaltaverapaz.gob.gt\/index.php?rest_route=%2Fwp%2Fv2%2Fcategories&post=17928"},{"taxonomy":"post_tag","embeddable":true,"href":"https:\/\/gobernacionaltaverapaz.gob.gt\/index.php?rest_route=%2Fwp%2Fv2%2Ftags&post=17928"}],"curies":[{"name":"wp","href":"https:\/\/api.w.org\/{rel}","templated":true}]}}