{"id":17933,"date":"2024-02-07T12:05:24","date_gmt":"2024-02-07T18:05:24","guid":{"rendered":"https:\/\/gobernacionaltaverapaz.gob.gt\/?p=17933"},"modified":"2024-03-22T09:38:49","modified_gmt":"2024-03-22T15:38:49","slug":"charla-sobre-desechos-y-residuos-solidos","status":"publish","type":"post","link":"https:\/\/gobernacionaltaverapaz.gob.gt\/?p=17933","title":{"rendered":"Charla sobre &#8220;Desechos y Residuos S\u00f3lidos&#8221;"},"content":{"rendered":"<p style=\"text-align: justify;\"><span class=\"x193iq5w xeuugli x13faqbe x1vvkbs x1xmvt09 x1lliihq x1s928wv xhkezso x1gmr53x x1cpjm7i x1fgarty x1943h6x xudqn12 x3x7a5m x6prxxf xvq8zen xo1l8bm xzsf02u x1yc453h\" dir=\"auto\">En Escuintla, estamos comprometidos con la educaci\u00f3n ambiental. En el D\u00eda Mundial de Educaci\u00f3n Ambiental, compartimos una valiosa charla sobre &#8220;Desechos y Residuos S\u00f3lidos&#8221; con 42 alumnos del Colegio Particular Mixto Santa Mar\u00eda en San Jos\u00e9, Escuintla. \u00a1Agradecemos a todos por ser parte de esta iniciativa y contribuir juntos al cuidado de nuestro entorno!<\/span><\/p>\n<p>&nbsp;<\/p>\n<p>&nbsp;<\/p>\n<div><\/div>\n<p>&nbsp;<\/p>\n","protected":false},"excerpt":{"rendered":"<p>En Escuintla, estamos comprometidos con la educaci\u00f3n ambiental. En el D\u00eda Mundial de Educaci\u00f3n Ambiental, compartimos una valiosa charla sobre &#8220;Desechos y Residuos S\u00f3lidos&#8221; con 42 alumnos del Colegio Particular Mixto Santa Mar\u00eda en San Jos\u00e9, Escuintla. \u00a1Agradecemos a todos por ser parte de esta iniciativa y contribuir juntos al cuidado de nuestro entorno! &nbsp; [&hellip;]<\/p>\n","protected":false},"author":1,"featured_media":17930,"comment_status":"closed","ping_status":"open","sticky":false,"template":"","format":"gallery","meta":[],"categories":[2],"tags":[178],"_links":{"self":[{"href":"https:\/\/gobernacionaltaverapaz.gob.gt\/index.php?rest_route=\/wp\/v2\/posts\/17933"}],"collection":[{"href":"https:\/\/gobernacionaltaverapaz.gob.gt\/index.php?rest_route=\/wp\/v2\/posts"}],"about":[{"href":"https:\/\/gobernacionaltaverapaz.gob.gt\/index.php?rest_route=\/wp\/v2\/types\/post"}],"author":[{"embeddable":true,"href":"https:\/\/gobernacionaltaverapaz.gob.gt\/index.php?rest_route=\/wp\/v2\/users\/1"}],"replies":[{"embeddable":true,"href":"https:\/\/gobernacionaltaverapaz.gob.gt\/index.php?rest_route=%2Fwp%2Fv2%2Fcomments&post=17933"}],"version-history":[{"count":1,"href":"https:\/\/gobernacionaltaverapaz.gob.gt\/index.php?rest_route=\/wp\/v2\/posts\/17933\/revisions"}],"predecessor-version":[{"id":17934,"href":"https:\/\/gobernacionaltaverapaz.gob.gt\/index.php?rest_route=\/wp\/v2\/posts\/17933\/revisions\/17934"}],"wp:featuredmedia":[{"embeddable":true,"href":"https:\/\/gobernacionaltaverapaz.gob.gt\/index.php?rest_route=\/wp\/v2\/media\/17930"}],"wp:attachment":[{"href":"https:\/\/gobernacionaltaverapaz.gob.gt\/index.php?rest_route=%2Fwp%2Fv2%2Fmedia&parent=17933"}],"wp:term":[{"taxonomy":"category","embeddable":true,"href":"https:\/\/gobernacionaltaverapaz.gob.gt\/index.php?rest_route=%2Fwp%2Fv2%2Fcategories&post=17933"},{"taxonomy":"post_tag","embeddable":true,"href":"https:\/\/gobernacionaltaverapaz.gob.gt\/index.php?rest_route=%2Fwp%2Fv2%2Ftags&post=17933"}],"curies":[{"name":"wp","href":"https:\/\/api.w.org\/{rel}","templated":true}]}}