{"id":17935,"date":"2024-02-09T07:31:25","date_gmt":"2024-02-09T13:31:25","guid":{"rendered":"https:\/\/gobernacionaltaverapaz.gob.gt\/?p=17935"},"modified":"2024-03-22T10:43:46","modified_gmt":"2024-03-22T16:43:46","slug":"reunion-con-la-junta-directiva-de-la-asociacion-de-artesanos-mayas","status":"publish","type":"post","link":"https:\/\/gobernacionaltaverapaz.gob.gt\/?p=17935","title":{"rendered":"Reuni\u00f3n con la Junta Directiva de la Asociaci\u00f3n de Artesanos Mayas"},"content":{"rendered":"<div dir=\"auto\" style=\"text-align: justify;\">El d\u00eda de hoy la Se\u00f1ora Gobernadora Departamental de Alta Verapaz, Lcda. Angela Alvarado, se reuni\u00f3 con la Junta Directiva de la Asociaci\u00f3n de Artesanos Mayas.<\/div>\n<div dir=\"auto\" style=\"text-align: justify;\">Con el objetivo de celebrar el convenio de pr\u00e9stamo para uso de espacio f\u00edsico del Palacio de Gobernaci\u00f3n Departamental de Alta Verapaz.<\/div>\n<p>&nbsp;<\/p>\n<p>&nbsp;<\/p>\n<p>&nbsp;<\/p>\n<p>&nbsp;<\/p>\n","protected":false},"excerpt":{"rendered":"<p>El d\u00eda de hoy la Se\u00f1ora Gobernadora Departamental de Alta Verapaz, Lcda. Angela Alvarado, se reuni\u00f3 con la Junta Directiva de la Asociaci\u00f3n de Artesanos Mayas. Con el objetivo de celebrar el convenio de pr\u00e9stamo para uso de espacio f\u00edsico del Palacio de Gobernaci\u00f3n Departamental de Alta Verapaz. &nbsp; &nbsp; &nbsp; &nbsp;<\/p>\n","protected":false},"author":1,"featured_media":17937,"comment_status":"closed","ping_status":"open","sticky":false,"template":"","format":"gallery","meta":[],"categories":[194],"tags":[178],"_links":{"self":[{"href":"https:\/\/gobernacionaltaverapaz.gob.gt\/index.php?rest_route=\/wp\/v2\/posts\/17935"}],"collection":[{"href":"https:\/\/gobernacionaltaverapaz.gob.gt\/index.php?rest_route=\/wp\/v2\/posts"}],"about":[{"href":"https:\/\/gobernacionaltaverapaz.gob.gt\/index.php?rest_route=\/wp\/v2\/types\/post"}],"author":[{"embeddable":true,"href":"https:\/\/gobernacionaltaverapaz.gob.gt\/index.php?rest_route=\/wp\/v2\/users\/1"}],"replies":[{"embeddable":true,"href":"https:\/\/gobernacionaltaverapaz.gob.gt\/index.php?rest_route=%2Fwp%2Fv2%2Fcomments&post=17935"}],"version-history":[{"count":1,"href":"https:\/\/gobernacionaltaverapaz.gob.gt\/index.php?rest_route=\/wp\/v2\/posts\/17935\/revisions"}],"predecessor-version":[{"id":17936,"href":"https:\/\/gobernacionaltaverapaz.gob.gt\/index.php?rest_route=\/wp\/v2\/posts\/17935\/revisions\/17936"}],"wp:featuredmedia":[{"embeddable":true,"href":"https:\/\/gobernacionaltaverapaz.gob.gt\/index.php?rest_route=\/wp\/v2\/media\/17937"}],"wp:attachment":[{"href":"https:\/\/gobernacionaltaverapaz.gob.gt\/index.php?rest_route=%2Fwp%2Fv2%2Fmedia&parent=17935"}],"wp:term":[{"taxonomy":"category","embeddable":true,"href":"https:\/\/gobernacionaltaverapaz.gob.gt\/index.php?rest_route=%2Fwp%2Fv2%2Fcategories&post=17935"},{"taxonomy":"post_tag","embeddable":true,"href":"https:\/\/gobernacionaltaverapaz.gob.gt\/index.php?rest_route=%2Fwp%2Fv2%2Ftags&post=17935"}],"curies":[{"name":"wp","href":"https:\/\/api.w.org\/{rel}","templated":true}]}}