{"id":17948,"date":"2024-02-12T05:40:09","date_gmt":"2024-02-12T11:40:09","guid":{"rendered":"https:\/\/gobernacionaltaverapaz.gob.gt\/?p=17948"},"modified":"2024-03-22T11:35:38","modified_gmt":"2024-03-22T17:35:38","slug":"primera-reunion-ordinaria-del-consejo-departamental-de-desarrollo","status":"publish","type":"post","link":"https:\/\/gobernacionaltaverapaz.gob.gt\/?p=17948","title":{"rendered":"Primera Reuni\u00f3n Ordinaria del Consejo Departamental de Desarrollo"},"content":{"rendered":"<p style=\"text-align: justify;\"><span class=\"x193iq5w xeuugli x13faqbe x1vvkbs x1xmvt09 x1lliihq x1s928wv xhkezso x1gmr53x x1cpjm7i x1fgarty x1943h6x xudqn12 x3x7a5m x6prxxf xvq8zen xo1l8bm xzsf02u x1yc453h\" dir=\"auto\">Esta ma\u00f1ana se llev\u00f3 a cabo la Primera Reuni\u00f3n Ordinaria del Consejo Departamental de Desarrollo, presidida por la Se\u00f1ora Gobernadora Departamental de Alta Verapaz Lcda. Angela Alvarado, con el objetivo de llevar a cabo la reprogramaci\u00f3n de proyectos para la inversi\u00f3n 2024.<\/span><\/p>\n<p>&nbsp;<\/p>\n<p>&nbsp;<\/p>\n<div><\/div>\n","protected":false},"excerpt":{"rendered":"<p>Esta ma\u00f1ana se llev\u00f3 a cabo la Primera Reuni\u00f3n Ordinaria del Consejo Departamental de Desarrollo, presidida por la Se\u00f1ora Gobernadora Departamental de Alta Verapaz Lcda. Angela Alvarado, con el objetivo de llevar a cabo la reprogramaci\u00f3n de proyectos para la inversi\u00f3n 2024. &nbsp; &nbsp;<\/p>\n","protected":false},"author":1,"featured_media":17938,"comment_status":"closed","ping_status":"open","sticky":false,"template":"","format":"gallery","meta":[],"categories":[194],"tags":[178],"_links":{"self":[{"href":"https:\/\/gobernacionaltaverapaz.gob.gt\/index.php?rest_route=\/wp\/v2\/posts\/17948"}],"collection":[{"href":"https:\/\/gobernacionaltaverapaz.gob.gt\/index.php?rest_route=\/wp\/v2\/posts"}],"about":[{"href":"https:\/\/gobernacionaltaverapaz.gob.gt\/index.php?rest_route=\/wp\/v2\/types\/post"}],"author":[{"embeddable":true,"href":"https:\/\/gobernacionaltaverapaz.gob.gt\/index.php?rest_route=\/wp\/v2\/users\/1"}],"replies":[{"embeddable":true,"href":"https:\/\/gobernacionaltaverapaz.gob.gt\/index.php?rest_route=%2Fwp%2Fv2%2Fcomments&post=17948"}],"version-history":[{"count":1,"href":"https:\/\/gobernacionaltaverapaz.gob.gt\/index.php?rest_route=\/wp\/v2\/posts\/17948\/revisions"}],"predecessor-version":[{"id":17949,"href":"https:\/\/gobernacionaltaverapaz.gob.gt\/index.php?rest_route=\/wp\/v2\/posts\/17948\/revisions\/17949"}],"wp:featuredmedia":[{"embeddable":true,"href":"https:\/\/gobernacionaltaverapaz.gob.gt\/index.php?rest_route=\/wp\/v2\/media\/17938"}],"wp:attachment":[{"href":"https:\/\/gobernacionaltaverapaz.gob.gt\/index.php?rest_route=%2Fwp%2Fv2%2Fmedia&parent=17948"}],"wp:term":[{"taxonomy":"category","embeddable":true,"href":"https:\/\/gobernacionaltaverapaz.gob.gt\/index.php?rest_route=%2Fwp%2Fv2%2Fcategories&post=17948"},{"taxonomy":"post_tag","embeddable":true,"href":"https:\/\/gobernacionaltaverapaz.gob.gt\/index.php?rest_route=%2Fwp%2Fv2%2Ftags&post=17948"}],"curies":[{"name":"wp","href":"https:\/\/api.w.org\/{rel}","templated":true}]}}