{"id":17952,"date":"2024-02-16T05:32:51","date_gmt":"2024-02-16T11:32:51","guid":{"rendered":"https:\/\/gobernacionaltaverapaz.gob.gt\/?p=17952"},"modified":"2024-03-22T11:34:16","modified_gmt":"2024-03-22T17:34:16","slug":"viceministerio-del-deporte-y-la-recreacion-se-reunio-con-promotores-deportivos-encargados-de-los-diferentes-municipios","status":"publish","type":"post","link":"https:\/\/gobernacionaltaverapaz.gob.gt\/?p=17952","title":{"rendered":"Viceministerio del Deporte y la Recreaci\u00f3n, se reuni\u00f3 con promotores deportivos encargados de los diferentes municipios"},"content":{"rendered":"<div class=\"xdj266r x11i5rnm xat24cr x1mh8g0r x1vvkbs x126k92a\">\n<div dir=\"auto\" style=\"text-align: justify;\">Esta ma\u00f1ana el Delegado Departamental del Ministerio de Cultura y Deportes de Alta Verapaz a trav\u00e9s del Viceministerio del Deporte y la Recreaci\u00f3n, se reuni\u00f3 con promotores deportivos encargados de los diferentes municipios del departamento.<\/div>\n<\/div>\n<div class=\"x11i5rnm xat24cr x1mh8g0r x1vvkbs xtlvy1s x126k92a\">\n<div dir=\"auto\" style=\"text-align: justify;\">Con el objetivo de recepci\u00f3n y revisi\u00f3n de informes de las diferentes actividades ejecutadas en el departamento, as\u00ed mismo brind\u00e1ndoles capacitaci\u00f3n e inducci\u00f3n con el llenado de los nuevos formatos que se trabajan en la red de promotores deportivos y poder seguir llevando actividades y apoyo a los diferentes beneficiados del departamento.<\/div>\n<\/div>\n<p>&nbsp;<\/p>\n<p><img decoding=\"async\" loading=\"lazy\" class=\"alignnone size-full wp-image-17950\" src=\"https:\/\/gobernacionaltaverapaz.gob.gt\/wp-content\/uploads\/2024\/03\/01-6.jpg\" alt=\"\" width=\"900\" height=\"600\" srcset=\"https:\/\/gobernacionaltaverapaz.gob.gt\/wp-content\/uploads\/2024\/03\/01-6.jpg 900w, https:\/\/gobernacionaltaverapaz.gob.gt\/wp-content\/uploads\/2024\/03\/01-6-300x200.jpg 300w, https:\/\/gobernacionaltaverapaz.gob.gt\/wp-content\/uploads\/2024\/03\/01-6-768x512.jpg 768w\" sizes=\"(max-width: 900px) 100vw, 900px\" \/><\/p>\n","protected":false},"excerpt":{"rendered":"<p>Esta ma\u00f1ana el Delegado Departamental del Ministerio de Cultura y Deportes de Alta Verapaz a trav\u00e9s del Viceministerio del Deporte y la Recreaci\u00f3n, se reuni\u00f3 con promotores deportivos encargados de los diferentes municipios del departamento. Con el objetivo de recepci\u00f3n y revisi\u00f3n de informes de las diferentes actividades ejecutadas en el departamento, as\u00ed mismo brind\u00e1ndoles [&hellip;]<\/p>\n","protected":false},"author":1,"featured_media":17951,"comment_status":"closed","ping_status":"open","sticky":false,"template":"","format":"gallery","meta":[],"categories":[194,177],"tags":[178],"_links":{"self":[{"href":"https:\/\/gobernacionaltaverapaz.gob.gt\/index.php?rest_route=\/wp\/v2\/posts\/17952"}],"collection":[{"href":"https:\/\/gobernacionaltaverapaz.gob.gt\/index.php?rest_route=\/wp\/v2\/posts"}],"about":[{"href":"https:\/\/gobernacionaltaverapaz.gob.gt\/index.php?rest_route=\/wp\/v2\/types\/post"}],"author":[{"embeddable":true,"href":"https:\/\/gobernacionaltaverapaz.gob.gt\/index.php?rest_route=\/wp\/v2\/users\/1"}],"replies":[{"embeddable":true,"href":"https:\/\/gobernacionaltaverapaz.gob.gt\/index.php?rest_route=%2Fwp%2Fv2%2Fcomments&post=17952"}],"version-history":[{"count":1,"href":"https:\/\/gobernacionaltaverapaz.gob.gt\/index.php?rest_route=\/wp\/v2\/posts\/17952\/revisions"}],"predecessor-version":[{"id":17953,"href":"https:\/\/gobernacionaltaverapaz.gob.gt\/index.php?rest_route=\/wp\/v2\/posts\/17952\/revisions\/17953"}],"wp:featuredmedia":[{"embeddable":true,"href":"https:\/\/gobernacionaltaverapaz.gob.gt\/index.php?rest_route=\/wp\/v2\/media\/17951"}],"wp:attachment":[{"href":"https:\/\/gobernacionaltaverapaz.gob.gt\/index.php?rest_route=%2Fwp%2Fv2%2Fmedia&parent=17952"}],"wp:term":[{"taxonomy":"category","embeddable":true,"href":"https:\/\/gobernacionaltaverapaz.gob.gt\/index.php?rest_route=%2Fwp%2Fv2%2Fcategories&post=17952"},{"taxonomy":"post_tag","embeddable":true,"href":"https:\/\/gobernacionaltaverapaz.gob.gt\/index.php?rest_route=%2Fwp%2Fv2%2Ftags&post=17952"}],"curies":[{"name":"wp","href":"https:\/\/api.w.org\/{rel}","templated":true}]}}