{"id":17957,"date":"2024-02-19T12:09:36","date_gmt":"2024-02-19T18:09:36","guid":{"rendered":"https:\/\/gobernacionaltaverapaz.gob.gt\/?p=17957"},"modified":"2024-03-22T12:14:39","modified_gmt":"2024-03-22T18:14:39","slug":"sesion-ordinaria-del-comude","status":"publish","type":"post","link":"https:\/\/gobernacionaltaverapaz.gob.gt\/?p=17957","title":{"rendered":"Sesi\u00f3n ordinaria del COMUDE"},"content":{"rendered":"<div class=\"xdj266r x11i5rnm xat24cr x1mh8g0r x1vvkbs x126k92a\">\n<div dir=\"auto\" style=\"text-align: justify;\">Participamos en la sesi\u00f3n ordinaria del COMUDE en el municipio de San Juan Chamelco! En esta reuni\u00f3n, se conoci\u00f3 el desistimiento total de la lista geogr\u00e1fica de obras y la reprogramaci\u00f3n para el 2024. Adem\u00e1s, nos integramos en las comisiones de trabajo, siendo parte fundamental en \u00e1reas como servicios, infraestructura, urbanismo, ordenamiento territorial y fomento econ\u00f3mico, turismo y ambiente.<\/div>\n<div dir=\"auto\" style=\"text-align: center;\"><\/div>\n<\/div>\n<div class=\"x11i5rnm xat24cr x1mh8g0r x1vvkbs xtlvy1s x126k92a\" style=\"text-align: center;\">\n<div dir=\"auto\"><strong>\u00a1Trabajamos juntos por un desarrollo sostenible!<\/strong><\/div>\n<\/div>\n<div dir=\"auto\"><\/div>\n<div dir=\"auto\"><\/div>\n<div><\/div>\n<div><\/div>\n","protected":false},"excerpt":{"rendered":"<p>Participamos en la sesi\u00f3n ordinaria del COMUDE en el municipio de San Juan Chamelco! En esta reuni\u00f3n, se conoci\u00f3 el desistimiento total de la lista geogr\u00e1fica de obras y la reprogramaci\u00f3n para el 2024. Adem\u00e1s, nos integramos en las comisiones de trabajo, siendo parte fundamental en \u00e1reas como servicios, infraestructura, urbanismo, ordenamiento territorial y fomento [&hellip;]<\/p>\n","protected":false},"author":1,"featured_media":17954,"comment_status":"closed","ping_status":"open","sticky":false,"template":"","format":"gallery","meta":[],"categories":[194],"tags":[178],"_links":{"self":[{"href":"https:\/\/gobernacionaltaverapaz.gob.gt\/index.php?rest_route=\/wp\/v2\/posts\/17957"}],"collection":[{"href":"https:\/\/gobernacionaltaverapaz.gob.gt\/index.php?rest_route=\/wp\/v2\/posts"}],"about":[{"href":"https:\/\/gobernacionaltaverapaz.gob.gt\/index.php?rest_route=\/wp\/v2\/types\/post"}],"author":[{"embeddable":true,"href":"https:\/\/gobernacionaltaverapaz.gob.gt\/index.php?rest_route=\/wp\/v2\/users\/1"}],"replies":[{"embeddable":true,"href":"https:\/\/gobernacionaltaverapaz.gob.gt\/index.php?rest_route=%2Fwp%2Fv2%2Fcomments&post=17957"}],"version-history":[{"count":5,"href":"https:\/\/gobernacionaltaverapaz.gob.gt\/index.php?rest_route=\/wp\/v2\/posts\/17957\/revisions"}],"predecessor-version":[{"id":17970,"href":"https:\/\/gobernacionaltaverapaz.gob.gt\/index.php?rest_route=\/wp\/v2\/posts\/17957\/revisions\/17970"}],"wp:featuredmedia":[{"embeddable":true,"href":"https:\/\/gobernacionaltaverapaz.gob.gt\/index.php?rest_route=\/wp\/v2\/media\/17954"}],"wp:attachment":[{"href":"https:\/\/gobernacionaltaverapaz.gob.gt\/index.php?rest_route=%2Fwp%2Fv2%2Fmedia&parent=17957"}],"wp:term":[{"taxonomy":"category","embeddable":true,"href":"https:\/\/gobernacionaltaverapaz.gob.gt\/index.php?rest_route=%2Fwp%2Fv2%2Fcategories&post=17957"},{"taxonomy":"post_tag","embeddable":true,"href":"https:\/\/gobernacionaltaverapaz.gob.gt\/index.php?rest_route=%2Fwp%2Fv2%2Ftags&post=17957"}],"curies":[{"name":"wp","href":"https:\/\/api.w.org\/{rel}","templated":true}]}}