{"id":17982,"date":"2024-02-20T05:48:35","date_gmt":"2024-02-20T11:48:35","guid":{"rendered":"https:\/\/gobernacionaltaverapaz.gob.gt\/?p=17982"},"modified":"2024-03-22T12:31:57","modified_gmt":"2024-03-22T18:31:57","slug":"reunion-extraordinaria-del-codedeav","status":"publish","type":"post","link":"https:\/\/gobernacionaltaverapaz.gob.gt\/?p=17982","title":{"rendered":"Reuni\u00f3n Extraordinaria del CODEDEAV"},"content":{"rendered":"<div class=\"x11i5rnm xat24cr x1mh8g0r x1vvkbs xtlvy1s x126k92a\">\n<div dir=\"auto\" style=\"text-align: justify;\">El d\u00eda de hoy se llev\u00f3 a cabo la reuni\u00f3n Extraordinaria del CODEDEAV para dar cumplimiento al Acuerdo Gubernativo 28-2024 &#8220;An\u00e1lisis y Selecci\u00f3n de Candidatos para Integrar la Terna a Gobernador Departamental de Alta Verapaz.<\/div>\n<\/div>\n<div class=\"x11i5rnm xat24cr x1mh8g0r x1vvkbs xtlvy1s x126k92a\" style=\"text-align: justify;\">\n<div dir=\"auto\">En la cual se di\u00f3 a conocer las observaciones u objeciones presentadas a los 3 candidatos a Gobernador Departamental, brindando el espacio para su debida defensa seg\u00fan el art\u00edculo 12 de la constituci\u00f3n Pol\u00edtica de la Rep\u00fablica de Guatemala.<\/div>\n<\/div>\n<div class=\"x11i5rnm xat24cr x1mh8g0r x1vvkbs xtlvy1s x126k92a\">\n<div dir=\"auto\" style=\"text-align: justify;\">Seguidamente la Comisi\u00f3n da inicio con la primera Fase, revisi\u00f3n y calificaci\u00f3n de los expedientes a candidatos al cargo de Gobernador Departamental, llevando a cabo \u00fanicamente la revisi\u00f3n de 24 expedientes, por lo que se pospone para continuar con la misma el d\u00eda de ma\u00f1ana mi\u00e9rcoles 21 de febrero del a\u00f1o en curso a partir de las 8:00am en el Sal\u00f3n de las Am\u00e9ricas del Palacio de Gobernaci\u00f3n Departamental de Alta Verapaz.<\/div>\n<\/div>\n<p>&nbsp;<\/p>\n<div><\/div>\n<div><\/div>\n<p>&nbsp;<\/p>\n<p>&nbsp;<\/p>\n<p><a href=\"https:\/\/www.facebook.com\/photo\/?fbid=813910240777189&amp;set=pcb.813910710777142\"><img decoding=\"async\" loading=\"lazy\" class=\"alignnone wp-image-17983 size-full\" title=\"Ver galer\u00eda en Facebook\" src=\"https:\/\/gobernacionaltaverapaz.gob.gt\/wp-content\/uploads\/2024\/03\/galeria.jpg\" alt=\"\" width=\"215\" height=\"71\" \/><\/a><\/p>\n","protected":false},"excerpt":{"rendered":"<p>El d\u00eda de hoy se llev\u00f3 a cabo la reuni\u00f3n Extraordinaria del CODEDEAV para dar cumplimiento al Acuerdo Gubernativo 28-2024 &#8220;An\u00e1lisis y Selecci\u00f3n de Candidatos para Integrar la Terna a Gobernador Departamental de Alta Verapaz. En la cual se di\u00f3 a conocer las observaciones u objeciones presentadas a los 3 candidatos a Gobernador Departamental, brindando [&hellip;]<\/p>\n","protected":false},"author":1,"featured_media":17972,"comment_status":"closed","ping_status":"open","sticky":false,"template":"","format":"gallery","meta":[],"categories":[194],"tags":[178],"_links":{"self":[{"href":"https:\/\/gobernacionaltaverapaz.gob.gt\/index.php?rest_route=\/wp\/v2\/posts\/17982"}],"collection":[{"href":"https:\/\/gobernacionaltaverapaz.gob.gt\/index.php?rest_route=\/wp\/v2\/posts"}],"about":[{"href":"https:\/\/gobernacionaltaverapaz.gob.gt\/index.php?rest_route=\/wp\/v2\/types\/post"}],"author":[{"embeddable":true,"href":"https:\/\/gobernacionaltaverapaz.gob.gt\/index.php?rest_route=\/wp\/v2\/users\/1"}],"replies":[{"embeddable":true,"href":"https:\/\/gobernacionaltaverapaz.gob.gt\/index.php?rest_route=%2Fwp%2Fv2%2Fcomments&post=17982"}],"version-history":[{"count":1,"href":"https:\/\/gobernacionaltaverapaz.gob.gt\/index.php?rest_route=\/wp\/v2\/posts\/17982\/revisions"}],"predecessor-version":[{"id":17984,"href":"https:\/\/gobernacionaltaverapaz.gob.gt\/index.php?rest_route=\/wp\/v2\/posts\/17982\/revisions\/17984"}],"wp:featuredmedia":[{"embeddable":true,"href":"https:\/\/gobernacionaltaverapaz.gob.gt\/index.php?rest_route=\/wp\/v2\/media\/17972"}],"wp:attachment":[{"href":"https:\/\/gobernacionaltaverapaz.gob.gt\/index.php?rest_route=%2Fwp%2Fv2%2Fmedia&parent=17982"}],"wp:term":[{"taxonomy":"category","embeddable":true,"href":"https:\/\/gobernacionaltaverapaz.gob.gt\/index.php?rest_route=%2Fwp%2Fv2%2Fcategories&post=17982"},{"taxonomy":"post_tag","embeddable":true,"href":"https:\/\/gobernacionaltaverapaz.gob.gt\/index.php?rest_route=%2Fwp%2Fv2%2Ftags&post=17982"}],"curies":[{"name":"wp","href":"https:\/\/api.w.org\/{rel}","templated":true}]}}