{"id":17995,"date":"2024-02-21T01:26:15","date_gmt":"2024-02-21T07:26:15","guid":{"rendered":"https:\/\/gobernacionaltaverapaz.gob.gt\/?p=17995"},"modified":"2024-03-22T12:47:24","modified_gmt":"2024-03-22T18:47:24","slug":"exposicion-de-la-flor-nacional-de-guatemala-monja-blanca","status":"publish","type":"post","link":"https:\/\/gobernacionaltaverapaz.gob.gt\/?p=17995","title":{"rendered":"Exposici\u00f3n de la Flor Nacional de Guatemala \u201cMONJA BLANCA\u201d"},"content":{"rendered":"<p style=\"text-align: justify;\"><span class=\"x193iq5w xeuugli x13faqbe x1vvkbs x1xmvt09 x1lliihq x1s928wv xhkezso x1gmr53x x1cpjm7i x1fgarty x1943h6x xudqn12 x3x7a5m x6prxxf xvq8zen xo1l8bm xzsf02u x1yc453h\" dir=\"auto\">El d\u00eda de hoy los miembros de la Junta Directiva de la Casa de la Cultura, est\u00e1n llevando a cabo en las instalaciones del Palacio de Gobernaci\u00f3n Departamental de Alta Verapaz, la Exposici\u00f3n de la Flor Nacional de Guatemala \u201cMONJA BLANCA\u201d la cual estar\u00e1 en horario de 10:00am a 18:00hrs, para las personas que deseen observar la exposici\u00f3n.<\/span><\/p>\n<div><\/div>\n<div><\/div>\n<div><\/div>\n<p>&nbsp;<\/p>\n","protected":false},"excerpt":{"rendered":"<p>El d\u00eda de hoy los miembros de la Junta Directiva de la Casa de la Cultura, est\u00e1n llevando a cabo en las instalaciones del Palacio de Gobernaci\u00f3n Departamental de Alta Verapaz, la Exposici\u00f3n de la Flor Nacional de Guatemala \u201cMONJA BLANCA\u201d la cual estar\u00e1 en horario de 10:00am a 18:00hrs, para las personas que deseen [&hellip;]<\/p>\n","protected":false},"author":1,"featured_media":17985,"comment_status":"closed","ping_status":"open","sticky":false,"template":"","format":"gallery","meta":[],"categories":[183],"tags":[178],"_links":{"self":[{"href":"https:\/\/gobernacionaltaverapaz.gob.gt\/index.php?rest_route=\/wp\/v2\/posts\/17995"}],"collection":[{"href":"https:\/\/gobernacionaltaverapaz.gob.gt\/index.php?rest_route=\/wp\/v2\/posts"}],"about":[{"href":"https:\/\/gobernacionaltaverapaz.gob.gt\/index.php?rest_route=\/wp\/v2\/types\/post"}],"author":[{"embeddable":true,"href":"https:\/\/gobernacionaltaverapaz.gob.gt\/index.php?rest_route=\/wp\/v2\/users\/1"}],"replies":[{"embeddable":true,"href":"https:\/\/gobernacionaltaverapaz.gob.gt\/index.php?rest_route=%2Fwp%2Fv2%2Fcomments&post=17995"}],"version-history":[{"count":1,"href":"https:\/\/gobernacionaltaverapaz.gob.gt\/index.php?rest_route=\/wp\/v2\/posts\/17995\/revisions"}],"predecessor-version":[{"id":17996,"href":"https:\/\/gobernacionaltaverapaz.gob.gt\/index.php?rest_route=\/wp\/v2\/posts\/17995\/revisions\/17996"}],"wp:featuredmedia":[{"embeddable":true,"href":"https:\/\/gobernacionaltaverapaz.gob.gt\/index.php?rest_route=\/wp\/v2\/media\/17985"}],"wp:attachment":[{"href":"https:\/\/gobernacionaltaverapaz.gob.gt\/index.php?rest_route=%2Fwp%2Fv2%2Fmedia&parent=17995"}],"wp:term":[{"taxonomy":"category","embeddable":true,"href":"https:\/\/gobernacionaltaverapaz.gob.gt\/index.php?rest_route=%2Fwp%2Fv2%2Fcategories&post=17995"},{"taxonomy":"post_tag","embeddable":true,"href":"https:\/\/gobernacionaltaverapaz.gob.gt\/index.php?rest_route=%2Fwp%2Fv2%2Ftags&post=17995"}],"curies":[{"name":"wp","href":"https:\/\/api.w.org\/{rel}","templated":true}]}}