{"id":18004,"date":"2024-02-21T07:31:15","date_gmt":"2024-02-21T13:31:15","guid":{"rendered":"https:\/\/gobernacionaltaverapaz.gob.gt\/?p=18004"},"modified":"2024-03-22T12:57:00","modified_gmt":"2024-03-22T18:57:00","slug":"seleccion-de-la-terna-titular-y-suplente-al-cargo-de-gobernador-y-reunion-extraordinaria-del-codede","status":"publish","type":"post","link":"https:\/\/gobernacionaltaverapaz.gob.gt\/?p=18004","title":{"rendered":"Selecci\u00f3n de la Terna Titular y Suplente al Cargo de Gobernador y reuni\u00f3n Extraordinaria del CODEDE"},"content":{"rendered":"<div class=\"x11i5rnm xat24cr x1mh8g0r x1vvkbs xtlvy1s x126k92a\">\n<div dir=\"auto\" style=\"text-align: justify;\">El d\u00eda de hoy los integrantes del sector No Gubernamental, continuaron con el proceso de An\u00e1lisis y Revisi\u00f3n de expedientes de candidatos para el cargo de Gobernador Departamental de Alta Verapaz, dando continuidad a la Primera Fase: Revisi\u00f3n y Calificaci\u00f3n de expedientes y culminando con la Segunda Fase: Formaci\u00f3n Acad\u00e9mica.<\/div>\n<\/div>\n<div class=\"x11i5rnm xat24cr x1mh8g0r x1vvkbs xtlvy1s x126k92a\">\n<div dir=\"auto\" style=\"text-align: justify;\">Quedando pendiente 2 Fases por calificar el d\u00eda de ma\u00f1ana jueves 22 de febrero del a\u00f1o en curso a partir de las 8:00am y poder culminar con el proceso de Selecci\u00f3n de la Terna Titular y Suplente al Cargo de Gobernador y reuni\u00f3n Extraordinaria del CODEDE.<\/div>\n<\/div>\n<p>&nbsp;<\/p>\n<p>&nbsp;<\/p>\n<div><\/div>\n<p>&nbsp;<\/p>\n","protected":false},"excerpt":{"rendered":"<p>El d\u00eda de hoy los integrantes del sector No Gubernamental, continuaron con el proceso de An\u00e1lisis y Revisi\u00f3n de expedientes de candidatos para el cargo de Gobernador Departamental de Alta Verapaz, dando continuidad a la Primera Fase: Revisi\u00f3n y Calificaci\u00f3n de expedientes y culminando con la Segunda Fase: Formaci\u00f3n Acad\u00e9mica. Quedando pendiente 2 Fases por [&hellip;]<\/p>\n","protected":false},"author":1,"featured_media":17997,"comment_status":"closed","ping_status":"open","sticky":false,"template":"","format":"gallery","meta":[],"categories":[183,194],"tags":[178],"_links":{"self":[{"href":"https:\/\/gobernacionaltaverapaz.gob.gt\/index.php?rest_route=\/wp\/v2\/posts\/18004"}],"collection":[{"href":"https:\/\/gobernacionaltaverapaz.gob.gt\/index.php?rest_route=\/wp\/v2\/posts"}],"about":[{"href":"https:\/\/gobernacionaltaverapaz.gob.gt\/index.php?rest_route=\/wp\/v2\/types\/post"}],"author":[{"embeddable":true,"href":"https:\/\/gobernacionaltaverapaz.gob.gt\/index.php?rest_route=\/wp\/v2\/users\/1"}],"replies":[{"embeddable":true,"href":"https:\/\/gobernacionaltaverapaz.gob.gt\/index.php?rest_route=%2Fwp%2Fv2%2Fcomments&post=18004"}],"version-history":[{"count":1,"href":"https:\/\/gobernacionaltaverapaz.gob.gt\/index.php?rest_route=\/wp\/v2\/posts\/18004\/revisions"}],"predecessor-version":[{"id":18005,"href":"https:\/\/gobernacionaltaverapaz.gob.gt\/index.php?rest_route=\/wp\/v2\/posts\/18004\/revisions\/18005"}],"wp:featuredmedia":[{"embeddable":true,"href":"https:\/\/gobernacionaltaverapaz.gob.gt\/index.php?rest_route=\/wp\/v2\/media\/17997"}],"wp:attachment":[{"href":"https:\/\/gobernacionaltaverapaz.gob.gt\/index.php?rest_route=%2Fwp%2Fv2%2Fmedia&parent=18004"}],"wp:term":[{"taxonomy":"category","embeddable":true,"href":"https:\/\/gobernacionaltaverapaz.gob.gt\/index.php?rest_route=%2Fwp%2Fv2%2Fcategories&post=18004"},{"taxonomy":"post_tag","embeddable":true,"href":"https:\/\/gobernacionaltaverapaz.gob.gt\/index.php?rest_route=%2Fwp%2Fv2%2Ftags&post=18004"}],"curies":[{"name":"wp","href":"https:\/\/api.w.org\/{rel}","templated":true}]}}