{"id":18011,"date":"2024-02-23T12:53:51","date_gmt":"2024-02-23T18:53:51","guid":{"rendered":"https:\/\/gobernacionaltaverapaz.gob.gt\/?p=18011"},"modified":"2024-03-22T14:54:20","modified_gmt":"2024-03-22T20:54:20","slug":"finaliza-proceso-para-seleccion-de-terna-para-cargo-de-gobernador-departamental-de-alta-verapaz","status":"publish","type":"post","link":"https:\/\/gobernacionaltaverapaz.gob.gt\/?p=18011","title":{"rendered":"Finaliza proceso para selecci\u00f3n de terna para cargo de Gobernador Departamental De Alta Verapaz"},"content":{"rendered":"<p style=\"text-align: justify;\"><span class=\"x193iq5w xeuugli x13faqbe x1vvkbs x1xmvt09 x1lliihq x1s928wv xhkezso x1gmr53x x1cpjm7i x1fgarty x1943h6x xudqn12 x3x7a5m x6prxxf xvq8zen xo1l8bm xzsf02u x1yc453h\" dir=\"auto\">La Se\u00f1ora Gobernadora Departamental de Alta Verapaz Lcda. Angela Alvarado Teni, presidi\u00f3 la reuni\u00f3n Extraordinaria del Consejo Departamental de Desarrollo que di\u00f3 inicio el d\u00eda martes 20 al d\u00eda de hoy jueves 22 de febrero del a\u00f1o en curso y dar cumplimiento al proceso de convocatoria al cargo de Gobernador Departamental, quedando conformada la Terna Titular y Suplente.<\/span><\/p>\n<p>&nbsp;<\/p>\n<p>&nbsp;<\/p>\n<div><\/div>\n<p>&nbsp;<\/p>\n","protected":false},"excerpt":{"rendered":"<p>La Se\u00f1ora Gobernadora Departamental de Alta Verapaz Lcda. Angela Alvarado Teni, presidi\u00f3 la reuni\u00f3n Extraordinaria del Consejo Departamental de Desarrollo que di\u00f3 inicio el d\u00eda martes 20 al d\u00eda de hoy jueves 22 de febrero del a\u00f1o en curso y dar cumplimiento al proceso de convocatoria al cargo de Gobernador Departamental, quedando conformada la Terna [&hellip;]<\/p>\n","protected":false},"author":1,"featured_media":18006,"comment_status":"closed","ping_status":"open","sticky":false,"template":"","format":"gallery","meta":[],"categories":[183],"tags":[178],"_links":{"self":[{"href":"https:\/\/gobernacionaltaverapaz.gob.gt\/index.php?rest_route=\/wp\/v2\/posts\/18011"}],"collection":[{"href":"https:\/\/gobernacionaltaverapaz.gob.gt\/index.php?rest_route=\/wp\/v2\/posts"}],"about":[{"href":"https:\/\/gobernacionaltaverapaz.gob.gt\/index.php?rest_route=\/wp\/v2\/types\/post"}],"author":[{"embeddable":true,"href":"https:\/\/gobernacionaltaverapaz.gob.gt\/index.php?rest_route=\/wp\/v2\/users\/1"}],"replies":[{"embeddable":true,"href":"https:\/\/gobernacionaltaverapaz.gob.gt\/index.php?rest_route=%2Fwp%2Fv2%2Fcomments&post=18011"}],"version-history":[{"count":1,"href":"https:\/\/gobernacionaltaverapaz.gob.gt\/index.php?rest_route=\/wp\/v2\/posts\/18011\/revisions"}],"predecessor-version":[{"id":18012,"href":"https:\/\/gobernacionaltaverapaz.gob.gt\/index.php?rest_route=\/wp\/v2\/posts\/18011\/revisions\/18012"}],"wp:featuredmedia":[{"embeddable":true,"href":"https:\/\/gobernacionaltaverapaz.gob.gt\/index.php?rest_route=\/wp\/v2\/media\/18006"}],"wp:attachment":[{"href":"https:\/\/gobernacionaltaverapaz.gob.gt\/index.php?rest_route=%2Fwp%2Fv2%2Fmedia&parent=18011"}],"wp:term":[{"taxonomy":"category","embeddable":true,"href":"https:\/\/gobernacionaltaverapaz.gob.gt\/index.php?rest_route=%2Fwp%2Fv2%2Fcategories&post=18011"},{"taxonomy":"post_tag","embeddable":true,"href":"https:\/\/gobernacionaltaverapaz.gob.gt\/index.php?rest_route=%2Fwp%2Fv2%2Ftags&post=18011"}],"curies":[{"name":"wp","href":"https:\/\/api.w.org\/{rel}","templated":true}]}}