{"id":18039,"date":"2024-02-29T01:03:49","date_gmt":"2024-02-29T07:03:49","guid":{"rendered":"https:\/\/gobernacionaltaverapaz.gob.gt\/?p=18039"},"modified":"2024-03-22T17:04:53","modified_gmt":"2024-03-22T23:04:53","slug":"realizan-intercambio-de-conocimientos-y-experiencias-sobre-la-produccion-de-ejote-frances-proyecto-reme","status":"publish","type":"post","link":"https:\/\/gobernacionaltaverapaz.gob.gt\/?p=18039","title":{"rendered":"Realizan intercambio de conocimientos y experiencias sobre la producci\u00f3n de Ejote Franc\u00e9s, Proyecto\/REME"},"content":{"rendered":"<div class=\"x11i5rnm xat24cr x1mh8g0r x1vvkbs xtlvy1s x126k92a\">\n<div dir=\"auto\" style=\"text-align: justify;\">El <a class=\"x1i10hfl xjbqb8w x1ejq31n xd10rxx x1sy0etr x17r0tee x972fbf xcfux6l x1qhh985 xm0m39n x9f619 x1ypdohk xt0psk2 xe8uvvx xdj266r x11i5rnm xat24cr x1mh8g0r xexx8yu x4uap5 x18d9i69 xkhd6sd x16tdsg8 x1hl2dhg xggy1nq x1a2a7pz xt0b8zv x1fey0fg xo1l8bm\" tabindex=\"0\" role=\"link\" href=\"https:\/\/www.facebook.com\/maga.gt?__cft__[0]=AZVyhjs5FbQ6jpztTURPte7dUyq_YF2mPvMey9yALQleBFQT78FX7dp6rObcV0wg2YLwhsBRy9EQzKF6Bosf63iGBvHln76fbESxzAU18SdQdDHBmawnJhbFIz3Yc5lg_GLpUQxLG0sEvsDLVOuiWbCNaIv78YwDbRn9uiGW_9hok2MVWl21E6L2KVvReKYZ7q0&amp;__tn__=-]K-R\"><span class=\"xt0psk2\">Ministerio de Agricultura, Ganader\u00eda y Alimentaci\u00f3n &#8211; MAGA<\/span><\/a>, Sede en Alta Verapaz, la FAO, con el apoyo de la Uni\u00f3n Europea, realizan intercambio de conocimientos y experiencias sobre la producci\u00f3n de Ejote Franc\u00e9s, Proyecto\/REME, con beneficiados de San Pablo Xucaneb de Cob\u00e1n, Alta Verapaz y las comunidades de San Juan Chamelco en la Finca San Rafael del municipio de Santa Cruz Verapaz.<\/div>\n<\/div>\n<div class=\"x11i5rnm xat24cr x1mh8g0r x1vvkbs xtlvy1s x126k92a\">\n<div dir=\"auto\" style=\"text-align: justify;\">Con el objetivo de apoyar las acciones postcrisis para la recuperaci\u00f3n y rehabilitaci\u00f3n de los medios de vida y activos de los hogares de las zonas rurales m\u00e1s afectadas por COVID-19 GCP\/GUA\/042\/EC<\/div>\n<\/div>\n<p>&nbsp;<\/p>\n<p>&nbsp;<\/p>\n<div><\/div>\n","protected":false},"excerpt":{"rendered":"<p>El Ministerio de Agricultura, Ganader\u00eda y Alimentaci\u00f3n &#8211; MAGA, Sede en Alta Verapaz, la FAO, con el apoyo de la Uni\u00f3n Europea, realizan intercambio de conocimientos y experiencias sobre la producci\u00f3n de Ejote Franc\u00e9s, Proyecto\/REME, con beneficiados de San Pablo Xucaneb de Cob\u00e1n, Alta Verapaz y las comunidades de San Juan Chamelco en la Finca [&hellip;]<\/p>\n","protected":false},"author":1,"featured_media":18028,"comment_status":"closed","ping_status":"open","sticky":false,"template":"","format":"gallery","meta":[],"categories":[6],"tags":[178],"_links":{"self":[{"href":"https:\/\/gobernacionaltaverapaz.gob.gt\/index.php?rest_route=\/wp\/v2\/posts\/18039"}],"collection":[{"href":"https:\/\/gobernacionaltaverapaz.gob.gt\/index.php?rest_route=\/wp\/v2\/posts"}],"about":[{"href":"https:\/\/gobernacionaltaverapaz.gob.gt\/index.php?rest_route=\/wp\/v2\/types\/post"}],"author":[{"embeddable":true,"href":"https:\/\/gobernacionaltaverapaz.gob.gt\/index.php?rest_route=\/wp\/v2\/users\/1"}],"replies":[{"embeddable":true,"href":"https:\/\/gobernacionaltaverapaz.gob.gt\/index.php?rest_route=%2Fwp%2Fv2%2Fcomments&post=18039"}],"version-history":[{"count":1,"href":"https:\/\/gobernacionaltaverapaz.gob.gt\/index.php?rest_route=\/wp\/v2\/posts\/18039\/revisions"}],"predecessor-version":[{"id":18040,"href":"https:\/\/gobernacionaltaverapaz.gob.gt\/index.php?rest_route=\/wp\/v2\/posts\/18039\/revisions\/18040"}],"wp:featuredmedia":[{"embeddable":true,"href":"https:\/\/gobernacionaltaverapaz.gob.gt\/index.php?rest_route=\/wp\/v2\/media\/18028"}],"wp:attachment":[{"href":"https:\/\/gobernacionaltaverapaz.gob.gt\/index.php?rest_route=%2Fwp%2Fv2%2Fmedia&parent=18039"}],"wp:term":[{"taxonomy":"category","embeddable":true,"href":"https:\/\/gobernacionaltaverapaz.gob.gt\/index.php?rest_route=%2Fwp%2Fv2%2Fcategories&post=18039"},{"taxonomy":"post_tag","embeddable":true,"href":"https:\/\/gobernacionaltaverapaz.gob.gt\/index.php?rest_route=%2Fwp%2Fv2%2Ftags&post=18039"}],"curies":[{"name":"wp","href":"https:\/\/api.w.org\/{rel}","templated":true}]}}