{"id":18046,"date":"2024-03-07T10:08:22","date_gmt":"2024-03-07T16:08:22","guid":{"rendered":"https:\/\/gobernacionaltaverapaz.gob.gt\/?p=18046"},"modified":"2024-04-03T16:23:37","modified_gmt":"2024-04-03T22:23:37","slug":"taller-de-capacitacion-para-el-uso-y-manejo-de-botiquin-avicola-en-la-aldea-chivich-panzos","status":"publish","type":"post","link":"https:\/\/gobernacionaltaverapaz.gob.gt\/?p=18046","title":{"rendered":"Taller de capacitaci\u00f3n para el uso y manejo de Botiqu\u00edn Av\u00edcola en la Aldea Chivich Panz\u00f3s"},"content":{"rendered":"<div class=\"x11i5rnm xat24cr x1mh8g0r x1vvkbs xtlvy1s x126k92a\">\n<div dir=\"auto\" style=\"text-align: justify;\">El <a class=\"x1i10hfl xjbqb8w x1ejq31n xd10rxx x1sy0etr x17r0tee x972fbf xcfux6l x1qhh985 xm0m39n x9f619 x1ypdohk xt0psk2 xe8uvvx xdj266r x11i5rnm xat24cr x1mh8g0r xexx8yu x4uap5 x18d9i69 xkhd6sd x16tdsg8 x1hl2dhg xggy1nq x1a2a7pz xt0b8zv x1fey0fg xo1l8bm\" tabindex=\"0\" role=\"link\" href=\"https:\/\/www.facebook.com\/maga.gt?__cft__[0]=AZUOscBm2MATO6HA18EqpxIZ0904_Yee758QAD_TC7PC_F8_bpSUR7OgCav9x2y6F3lSZ95JgLEdwC2yeDLKzBsPALYkT8U0EOo-SwnO8lmvMD95FCu7gnu6ZsZVeTsl0vQrqnCjyppA_YpvWHCbBX63WvB1S9Vz6hhLu7UiIScnulmDrZA_ZlF9NiJzfMk_-I0&amp;__tn__=-]K-R\"><span class=\"xt0psk2\">Ministerio de Agricultura, Ganader\u00eda y Alimentaci\u00f3n &#8211; MAGA<\/span><\/a>, Sede en Alta Verapaz, la Organizaci\u00f3n de las Naciones Unidas para Alimentaci\u00f3n y la FAO, con la cooperaci\u00f3n de la <a class=\"x1i10hfl xjbqb8w x1ejq31n xd10rxx x1sy0etr x17r0tee x972fbf xcfux6l x1qhh985 xm0m39n x9f619 x1ypdohk xt0psk2 xe8uvvx xdj266r x11i5rnm xat24cr x1mh8g0r xexx8yu x4uap5 x18d9i69 xkhd6sd x16tdsg8 x1hl2dhg xggy1nq x1a2a7pz xt0b8zv x1fey0fg xo1l8bm\" tabindex=\"0\" role=\"link\" href=\"https:\/\/www.facebook.com\/hashtag\/uni%C3%B3neuropea?__eep__=6&amp;__cft__[0]=AZUOscBm2MATO6HA18EqpxIZ0904_Yee758QAD_TC7PC_F8_bpSUR7OgCav9x2y6F3lSZ95JgLEdwC2yeDLKzBsPALYkT8U0EOo-SwnO8lmvMD95FCu7gnu6ZsZVeTsl0vQrqnCjyppA_YpvWHCbBX63WvB1S9Vz6hhLu7UiIScnulmDrZA_ZlF9NiJzfMk_-I0&amp;__tn__=*NK-R\">#Uni\u00f3nEuropea<\/a>, el d\u00eda mi\u00e9rcoles 6 de marzo llevaron a cabo un taller de capacitaci\u00f3n para el uso y manejo de Botiqu\u00edn Av\u00edcola, en la Aldea Chivich Panz\u00f3s, Alta Verapaz, dirigido a Promotores de grupos CADER de Panzos y Tamahu, beneficiarios de proyecto Medios de Vida y Empresarialidad Rural- REME- y el apoyo del equipo del proyecto ECTAD-FAO y la Direcci\u00f3n Zoosanitaria Sanidad Animal del <a class=\"x1i10hfl xjbqb8w x1ejq31n xd10rxx x1sy0etr x17r0tee x972fbf xcfux6l x1qhh985 xm0m39n x9f619 x1ypdohk xt0psk2 xe8uvvx xdj266r x11i5rnm xat24cr x1mh8g0r xexx8yu x4uap5 x18d9i69 xkhd6sd x16tdsg8 x1hl2dhg xggy1nq x1a2a7pz xt0b8zv x1fey0fg xo1l8bm\" tabindex=\"0\" role=\"link\" href=\"https:\/\/www.facebook.com\/hashtag\/maga?__eep__=6&amp;__cft__[0]=AZUOscBm2MATO6HA18EqpxIZ0904_Yee758QAD_TC7PC_F8_bpSUR7OgCav9x2y6F3lSZ95JgLEdwC2yeDLKzBsPALYkT8U0EOo-SwnO8lmvMD95FCu7gnu6ZsZVeTsl0vQrqnCjyppA_YpvWHCbBX63WvB1S9Vz6hhLu7UiIScnulmDrZA_ZlF9NiJzfMk_-I0&amp;__tn__=*NK-R\">#MAGA<\/a>.<\/div>\n<\/div>\n<div class=\"x11i5rnm xat24cr x1mh8g0r x1vvkbs xtlvy1s x126k92a\">\n<div dir=\"auto\" style=\"text-align: justify;\">Con el objetivo de apoyar las acciones postcrisis para la recuperaci\u00f3n y rehabilitaci\u00f3n de los medios de vida y activos de los hogares de las zonas rurales m\u00e1s afectadas por COVID-19 GCP\/GUA\/042\/EC.<\/div>\n<\/div>\n<div><\/div>\n<div><\/div>\n<div><\/div>\n<p>&nbsp;<\/p>\n","protected":false},"excerpt":{"rendered":"<p>El Ministerio de Agricultura, Ganader\u00eda y Alimentaci\u00f3n &#8211; MAGA, Sede en Alta Verapaz, la Organizaci\u00f3n de las Naciones Unidas para Alimentaci\u00f3n y la FAO, con la cooperaci\u00f3n de la #Uni\u00f3nEuropea, el d\u00eda mi\u00e9rcoles 6 de marzo llevaron a cabo un taller de capacitaci\u00f3n para el uso y manejo de Botiqu\u00edn Av\u00edcola, en la Aldea Chivich [&hellip;]<\/p>\n","protected":false},"author":1,"featured_media":18047,"comment_status":"closed","ping_status":"open","sticky":false,"template":"","format":"gallery","meta":[],"categories":[5],"tags":[178],"_links":{"self":[{"href":"https:\/\/gobernacionaltaverapaz.gob.gt\/index.php?rest_route=\/wp\/v2\/posts\/18046"}],"collection":[{"href":"https:\/\/gobernacionaltaverapaz.gob.gt\/index.php?rest_route=\/wp\/v2\/posts"}],"about":[{"href":"https:\/\/gobernacionaltaverapaz.gob.gt\/index.php?rest_route=\/wp\/v2\/types\/post"}],"author":[{"embeddable":true,"href":"https:\/\/gobernacionaltaverapaz.gob.gt\/index.php?rest_route=\/wp\/v2\/users\/1"}],"replies":[{"embeddable":true,"href":"https:\/\/gobernacionaltaverapaz.gob.gt\/index.php?rest_route=%2Fwp%2Fv2%2Fcomments&post=18046"}],"version-history":[{"count":1,"href":"https:\/\/gobernacionaltaverapaz.gob.gt\/index.php?rest_route=\/wp\/v2\/posts\/18046\/revisions"}],"predecessor-version":[{"id":18048,"href":"https:\/\/gobernacionaltaverapaz.gob.gt\/index.php?rest_route=\/wp\/v2\/posts\/18046\/revisions\/18048"}],"wp:featuredmedia":[{"embeddable":true,"href":"https:\/\/gobernacionaltaverapaz.gob.gt\/index.php?rest_route=\/wp\/v2\/media\/18047"}],"wp:attachment":[{"href":"https:\/\/gobernacionaltaverapaz.gob.gt\/index.php?rest_route=%2Fwp%2Fv2%2Fmedia&parent=18046"}],"wp:term":[{"taxonomy":"category","embeddable":true,"href":"https:\/\/gobernacionaltaverapaz.gob.gt\/index.php?rest_route=%2Fwp%2Fv2%2Fcategories&post=18046"},{"taxonomy":"post_tag","embeddable":true,"href":"https:\/\/gobernacionaltaverapaz.gob.gt\/index.php?rest_route=%2Fwp%2Fv2%2Ftags&post=18046"}],"curies":[{"name":"wp","href":"https:\/\/api.w.org\/{rel}","templated":true}]}}