{"id":18062,"date":"2024-03-07T15:15:01","date_gmt":"2024-03-07T21:15:01","guid":{"rendered":"https:\/\/gobernacionaltaverapaz.gob.gt\/?p=18062"},"modified":"2024-04-04T09:21:11","modified_gmt":"2024-04-04T15:21:11","slug":"realizan-intercambio-de-conocimientos-y-experiencias-sobre-la-produccion-de-arveja-china","status":"publish","type":"post","link":"https:\/\/gobernacionaltaverapaz.gob.gt\/?p=18062","title":{"rendered":"Realizan intercambio de conocimientos y experiencias sobre la producci\u00f3n de Arveja China"},"content":{"rendered":"<div class=\"x11i5rnm xat24cr x1mh8g0r x1vvkbs xtlvy1s x126k92a\">\n<div dir=\"auto\" style=\"text-align: justify;\">El <a class=\"x1i10hfl xjbqb8w x1ejq31n xd10rxx x1sy0etr x17r0tee x972fbf xcfux6l x1qhh985 xm0m39n x9f619 x1ypdohk xt0psk2 xe8uvvx xdj266r x11i5rnm xat24cr x1mh8g0r xexx8yu x4uap5 x18d9i69 xkhd6sd x16tdsg8 x1hl2dhg xggy1nq x1a2a7pz xt0b8zv x1fey0fg xo1l8bm\" tabindex=\"0\" role=\"link\" href=\"https:\/\/www.facebook.com\/maga.gt?__cft__[0]=AZVAuVmWH7iZ_dsRTYBvz3FrQtzjOzsdjfs6glxLHD7No8uwJUwLJ_-rb3GtRJvviIZQyo9dMyPYeBjcbOEi9dC4SnB4Pu3g3yOQlH20vYRzi70Cfx_JIxteA-jvDM8qh8UIY0glp-AWPHrbDdF6sIypFa43qc_iNAPYKBtDPfmmVznLVchNrRF-iOr9acCnvOM&amp;__tn__=-]K-R\"><span class=\"xt0psk2\">Ministerio de Agricultura, Ganader\u00eda y Alimentaci\u00f3n &#8211; MAGA<\/span><\/a>, Sede en Alta Verapaz, la Organizaci\u00f3n de las Naciones Unidas para Alimentaci\u00f3n y la FAO, con la cooperaci\u00f3n de la Uni\u00f3n Europea en coordinaci\u00f3n con la empresa exportadora <a class=\"x1i10hfl xjbqb8w x1ejq31n xd10rxx x1sy0etr x17r0tee x972fbf xcfux6l x1qhh985 xm0m39n x9f619 x1ypdohk xt0psk2 xe8uvvx xdj266r x11i5rnm xat24cr x1mh8g0r xexx8yu x4uap5 x18d9i69 xkhd6sd x16tdsg8 x1hl2dhg xggy1nq x1a2a7pz xt0b8zv x1fey0fg xo1l8bm\" tabindex=\"0\" role=\"link\" href=\"https:\/\/www.facebook.com\/hashtag\/uniespice?__eep__=6&amp;__cft__[0]=AZVAuVmWH7iZ_dsRTYBvz3FrQtzjOzsdjfs6glxLHD7No8uwJUwLJ_-rb3GtRJvviIZQyo9dMyPYeBjcbOEi9dC4SnB4Pu3g3yOQlH20vYRzi70Cfx_JIxteA-jvDM8qh8UIY0glp-AWPHrbDdF6sIypFa43qc_iNAPYKBtDPfmmVznLVchNrRF-iOr9acCnvOM&amp;__tn__=*NK-R\">#UNIESPICE<\/a>, realizan intercambio de conocimientos y experiencias sobre la producci\u00f3n de Arveja China, en el marco del Proyecto\/REME, productores beneficiados de San Pablo Xucaneb de Cob\u00e1n, A.V., y comunidades de San Juan Chamelco, Alta Verapaz, este intercambio se realiz\u00f3 en la Aldea Tontem de Cob\u00e1n, Alta Verapaz<\/div>\n<\/div>\n<div class=\"x11i5rnm xat24cr x1mh8g0r x1vvkbs xtlvy1s x126k92a\">\n<div dir=\"auto\" style=\"text-align: justify;\">Con el objetivo de apoyar las acciones postcrisis para la recuperaci\u00f3n y rehabilitaci\u00f3n de los medios de vida y activos de los hogares de las zonas rurales m\u00e1s afectadas por COVID-19 GCP\/GUA\/042\/EC<\/div>\n<\/div>\n<p>&nbsp;<\/p>\n<div><\/div>\n<p>&nbsp;<\/p>\n<p>&nbsp;<\/p>\n","protected":false},"excerpt":{"rendered":"<p>El Ministerio de Agricultura, Ganader\u00eda y Alimentaci\u00f3n &#8211; MAGA, Sede en Alta Verapaz, la Organizaci\u00f3n de las Naciones Unidas para Alimentaci\u00f3n y la FAO, con la cooperaci\u00f3n de la Uni\u00f3n Europea en coordinaci\u00f3n con la empresa exportadora #UNIESPICE, realizan intercambio de conocimientos y experiencias sobre la producci\u00f3n de Arveja China, en el marco del Proyecto\/REME, [&hellip;]<\/p>\n","protected":false},"author":1,"featured_media":18063,"comment_status":"closed","ping_status":"open","sticky":false,"template":"","format":"gallery","meta":[],"categories":[5],"tags":[178],"_links":{"self":[{"href":"https:\/\/gobernacionaltaverapaz.gob.gt\/index.php?rest_route=\/wp\/v2\/posts\/18062"}],"collection":[{"href":"https:\/\/gobernacionaltaverapaz.gob.gt\/index.php?rest_route=\/wp\/v2\/posts"}],"about":[{"href":"https:\/\/gobernacionaltaverapaz.gob.gt\/index.php?rest_route=\/wp\/v2\/types\/post"}],"author":[{"embeddable":true,"href":"https:\/\/gobernacionaltaverapaz.gob.gt\/index.php?rest_route=\/wp\/v2\/users\/1"}],"replies":[{"embeddable":true,"href":"https:\/\/gobernacionaltaverapaz.gob.gt\/index.php?rest_route=%2Fwp%2Fv2%2Fcomments&post=18062"}],"version-history":[{"count":3,"href":"https:\/\/gobernacionaltaverapaz.gob.gt\/index.php?rest_route=\/wp\/v2\/posts\/18062\/revisions"}],"predecessor-version":[{"id":18102,"href":"https:\/\/gobernacionaltaverapaz.gob.gt\/index.php?rest_route=\/wp\/v2\/posts\/18062\/revisions\/18102"}],"wp:featuredmedia":[{"embeddable":true,"href":"https:\/\/gobernacionaltaverapaz.gob.gt\/index.php?rest_route=\/wp\/v2\/media\/18063"}],"wp:attachment":[{"href":"https:\/\/gobernacionaltaverapaz.gob.gt\/index.php?rest_route=%2Fwp%2Fv2%2Fmedia&parent=18062"}],"wp:term":[{"taxonomy":"category","embeddable":true,"href":"https:\/\/gobernacionaltaverapaz.gob.gt\/index.php?rest_route=%2Fwp%2Fv2%2Fcategories&post=18062"},{"taxonomy":"post_tag","embeddable":true,"href":"https:\/\/gobernacionaltaverapaz.gob.gt\/index.php?rest_route=%2Fwp%2Fv2%2Ftags&post=18062"}],"curies":[{"name":"wp","href":"https:\/\/api.w.org\/{rel}","templated":true}]}}