{"id":18077,"date":"2024-03-07T18:44:55","date_gmt":"2024-03-08T00:44:55","guid":{"rendered":"https:\/\/gobernacionaltaverapaz.gob.gt\/?p=18077"},"modified":"2024-04-03T16:50:58","modified_gmt":"2024-04-03T22:50:58","slug":"marco-del-dia-internacional-de-la-mujer","status":"publish","type":"post","link":"https:\/\/gobernacionaltaverapaz.gob.gt\/?p=18077","title":{"rendered":"Marco del D\u00eda Internacional de la Mujer"},"content":{"rendered":"<p style=\"text-align: justify;\"><span class=\"x193iq5w xeuugli x13faqbe x1vvkbs x1xmvt09 x1lliihq x1s928wv xhkezso x1gmr53x x1cpjm7i x1fgarty x1943h6x xudqn12 x3x7a5m x6prxxf xvq8zen xo1l8bm xzsf02u x1yc453h\" dir=\"auto\">En el Marco Del D\u00eda Internacional de la Mujer a celebrarse este 8 de marzo la Se\u00f1ora Gobernadora Departamental de Alta Verapaz Lcda. Angela Alvarado, particip\u00f3 en la actividad, Fortaleciendo la Autoestima el Autocuidado y la Dignidad en la Mujer, celebrado en la Escuela Oficial Urbana Mixta Barrio San Marcos, jornada vespertina de la ciudad de cob\u00e1n, en coordinaci\u00f3n con el programa de Escuelas Seguras y Juventud de la <a class=\"x1i10hfl xjbqb8w x1ejq31n xd10rxx x1sy0etr x17r0tee x972fbf xcfux6l x1qhh985 xm0m39n x9f619 x1ypdohk xt0psk2 xe8uvvx xdj266r x11i5rnm xat24cr x1mh8g0r xexx8yu x4uap5 x18d9i69 xkhd6sd x16tdsg8 x1hl2dhg xggy1nq x1a2a7pz xt0b8zv x1fey0fg xo1l8bm\" tabindex=\"0\" role=\"link\" href=\"https:\/\/www.facebook.com\/hashtag\/upcv?__eep__=6&amp;__cft__[0]=AZXIUuVjHbd_k9c0TC8IVDsNTnQKx8Srq3_zt0TGUewWZgI7uBSK32A4n4XX2jXarO72-KO9BuBlRnsXFWPSIW48SfbsrW4K32aIDaW3E5AH6HnZ_0rJaeWBieuaW17-uheAFg-zrV8AL84HBAg-QXmU2boMQgcOLL4OwUbT_E2_f8Qrd1XbjpbijMRTRc6c9J0&amp;__tn__=*NK-R\">#UPCV<\/a>.<\/span><\/p>\n<p>&nbsp;<\/p>\n<p>&nbsp;<\/p>\n<div><\/div>\n<p>&nbsp;<\/p>\n","protected":false},"excerpt":{"rendered":"<p>En el Marco Del D\u00eda Internacional de la Mujer a celebrarse este 8 de marzo la Se\u00f1ora Gobernadora Departamental de Alta Verapaz Lcda. Angela Alvarado, particip\u00f3 en la actividad, Fortaleciendo la Autoestima el Autocuidado y la Dignidad en la Mujer, celebrado en la Escuela Oficial Urbana Mixta Barrio San Marcos, jornada vespertina de la ciudad [&hellip;]<\/p>\n","protected":false},"author":1,"featured_media":18066,"comment_status":"closed","ping_status":"open","sticky":false,"template":"","format":"gallery","meta":[],"categories":[183],"tags":[178],"_links":{"self":[{"href":"https:\/\/gobernacionaltaverapaz.gob.gt\/index.php?rest_route=\/wp\/v2\/posts\/18077"}],"collection":[{"href":"https:\/\/gobernacionaltaverapaz.gob.gt\/index.php?rest_route=\/wp\/v2\/posts"}],"about":[{"href":"https:\/\/gobernacionaltaverapaz.gob.gt\/index.php?rest_route=\/wp\/v2\/types\/post"}],"author":[{"embeddable":true,"href":"https:\/\/gobernacionaltaverapaz.gob.gt\/index.php?rest_route=\/wp\/v2\/users\/1"}],"replies":[{"embeddable":true,"href":"https:\/\/gobernacionaltaverapaz.gob.gt\/index.php?rest_route=%2Fwp%2Fv2%2Fcomments&post=18077"}],"version-history":[{"count":2,"href":"https:\/\/gobernacionaltaverapaz.gob.gt\/index.php?rest_route=\/wp\/v2\/posts\/18077\/revisions"}],"predecessor-version":[{"id":18079,"href":"https:\/\/gobernacionaltaverapaz.gob.gt\/index.php?rest_route=\/wp\/v2\/posts\/18077\/revisions\/18079"}],"wp:featuredmedia":[{"embeddable":true,"href":"https:\/\/gobernacionaltaverapaz.gob.gt\/index.php?rest_route=\/wp\/v2\/media\/18066"}],"wp:attachment":[{"href":"https:\/\/gobernacionaltaverapaz.gob.gt\/index.php?rest_route=%2Fwp%2Fv2%2Fmedia&parent=18077"}],"wp:term":[{"taxonomy":"category","embeddable":true,"href":"https:\/\/gobernacionaltaverapaz.gob.gt\/index.php?rest_route=%2Fwp%2Fv2%2Fcategories&post=18077"},{"taxonomy":"post_tag","embeddable":true,"href":"https:\/\/gobernacionaltaverapaz.gob.gt\/index.php?rest_route=%2Fwp%2Fv2%2Ftags&post=18077"}],"curies":[{"name":"wp","href":"https:\/\/api.w.org\/{rel}","templated":true}]}}