{"id":18099,"date":"2024-03-15T16:58:11","date_gmt":"2024-03-15T22:58:11","guid":{"rendered":"https:\/\/gobernacionaltaverapaz.gob.gt\/?p=18099"},"modified":"2024-04-03T17:12:11","modified_gmt":"2024-04-03T23:12:11","slug":"acto-protocolario-de-la-inauguracion-de-las-fiscalias-de-femicidio-en-coban","status":"publish","type":"post","link":"https:\/\/gobernacionaltaverapaz.gob.gt\/?p=18099","title":{"rendered":"Acto protocolario de la Inauguraci\u00f3n de las Fiscal\u00edas de Femicidio en Cob\u00e1n"},"content":{"rendered":"<div class=\"xdj266r x11i5rnm xat24cr x1mh8g0r x1vvkbs x126k92a\">\n<div dir=\"auto\" style=\"text-align: justify;\">El d\u00eda de hoy la Se\u00f1ora Gobernadora Departamental de Alta Verapaz Lcda. Angela Alvarado, particip\u00f3 como invitada en el Acto protocolario de la Inauguraci\u00f3n de las Fiscal\u00edas de Femicidio en Cob\u00e1n, Pet\u00e9n y Chimaltenango.<\/div>\n<\/div>\n<div class=\"x11i5rnm xat24cr x1mh8g0r x1vvkbs xtlvy1s x126k92a\">\n<div dir=\"auto\" style=\"text-align: justify;\">Con el objetivo de promover la acci\u00f3n y persecuci\u00f3n penal de los delitos que atenten en contra de la vida de las mujeres.<\/div>\n<\/div>\n<p>&nbsp;<\/p>\n<p>&nbsp;<\/p>\n<div><\/div>\n","protected":false},"excerpt":{"rendered":"<p>El d\u00eda de hoy la Se\u00f1ora Gobernadora Departamental de Alta Verapaz Lcda. Angela Alvarado, particip\u00f3 como invitada en el Acto protocolario de la Inauguraci\u00f3n de las Fiscal\u00edas de Femicidio en Cob\u00e1n, Pet\u00e9n y Chimaltenango. Con el objetivo de promover la acci\u00f3n y persecuci\u00f3n penal de los delitos que atenten en contra de la vida de [&hellip;]<\/p>\n","protected":false},"author":1,"featured_media":18100,"comment_status":"closed","ping_status":"open","sticky":false,"template":"","format":"gallery","meta":[],"categories":[183],"tags":[178],"_links":{"self":[{"href":"https:\/\/gobernacionaltaverapaz.gob.gt\/index.php?rest_route=\/wp\/v2\/posts\/18099"}],"collection":[{"href":"https:\/\/gobernacionaltaverapaz.gob.gt\/index.php?rest_route=\/wp\/v2\/posts"}],"about":[{"href":"https:\/\/gobernacionaltaverapaz.gob.gt\/index.php?rest_route=\/wp\/v2\/types\/post"}],"author":[{"embeddable":true,"href":"https:\/\/gobernacionaltaverapaz.gob.gt\/index.php?rest_route=\/wp\/v2\/users\/1"}],"replies":[{"embeddable":true,"href":"https:\/\/gobernacionaltaverapaz.gob.gt\/index.php?rest_route=%2Fwp%2Fv2%2Fcomments&post=18099"}],"version-history":[{"count":1,"href":"https:\/\/gobernacionaltaverapaz.gob.gt\/index.php?rest_route=\/wp\/v2\/posts\/18099\/revisions"}],"predecessor-version":[{"id":18101,"href":"https:\/\/gobernacionaltaverapaz.gob.gt\/index.php?rest_route=\/wp\/v2\/posts\/18099\/revisions\/18101"}],"wp:featuredmedia":[{"embeddable":true,"href":"https:\/\/gobernacionaltaverapaz.gob.gt\/index.php?rest_route=\/wp\/v2\/media\/18100"}],"wp:attachment":[{"href":"https:\/\/gobernacionaltaverapaz.gob.gt\/index.php?rest_route=%2Fwp%2Fv2%2Fmedia&parent=18099"}],"wp:term":[{"taxonomy":"category","embeddable":true,"href":"https:\/\/gobernacionaltaverapaz.gob.gt\/index.php?rest_route=%2Fwp%2Fv2%2Fcategories&post=18099"},{"taxonomy":"post_tag","embeddable":true,"href":"https:\/\/gobernacionaltaverapaz.gob.gt\/index.php?rest_route=%2Fwp%2Fv2%2Ftags&post=18099"}],"curies":[{"name":"wp","href":"https:\/\/api.w.org\/{rel}","templated":true}]}}