{"id":18181,"date":"2024-03-19T17:41:56","date_gmt":"2024-03-19T23:41:56","guid":{"rendered":"https:\/\/gobernacionaltaverapaz.gob.gt\/?p=18181"},"modified":"2024-04-04T11:34:11","modified_gmt":"2024-04-04T17:34:11","slug":"realizan-diferentes-acciones-para-la-liquidacion-del-incendio-forestal","status":"publish","type":"post","link":"https:\/\/gobernacionaltaverapaz.gob.gt\/?p=18181","title":{"rendered":"Realizan diferentes acciones para la liquidaci\u00f3n del incendio forestal"},"content":{"rendered":"<div class=\"\" dir=\"auto\">\n<div id=\":r6v:\" class=\"x1iorvi4 x1pi30zi x1l90r2v x1swvt13\" data-ad-comet-preview=\"message\" data-ad-preview=\"message\">\n<div class=\"x78zum5 xdt5ytf xz62fqu x16ldp7u\">\n<div class=\"xu06os2 x1ok221b\">\n<div class=\"xdj266r x11i5rnm xat24cr x1mh8g0r x1vvkbs x126k92a\">\n<div dir=\"auto\" style=\"text-align: justify;\">Derivado del incendio forestal reportado el d\u00eda viernes por la noche en el Cerro Belenj\u00fa, del municipio de Lanqu\u00edn, Alta Verapaz., el pasado 16 de marzo se iniciaron las coordinaciones interinstitucionales para la gesti\u00f3n de recursos, equipo, personal humano, veh\u00edculos y alimentaci\u00f3n, con el objetivo de llevar a cabo de una manera organizada el trabajo para sofocar el incendio. Hasta el momento se cuenta con un recurso humano de 300 personas que realizan diferentes acciones para la liquidaci\u00f3n del incendio forestal.<\/div>\n<\/div>\n<div class=\"x11i5rnm xat24cr x1mh8g0r x1vvkbs xtlvy1s x126k92a\" style=\"text-align: justify;\">\n<div dir=\"auto\">Para sofocar los siniestros, se realizan operaciones terrestres a trav\u00e9s de la t\u00e9cnica ataque directo e indirecto y brechas cortafuego. Adem\u00e1s de uso de herramientas manuales como machete, pulaski, rastrillo, azad\u00f3n, pala, rastrillo forestal y matafuego.<\/div>\n<\/div>\n<div class=\"x11i5rnm xat24cr x1mh8g0r x1vvkbs xtlvy1s x126k92a\">\n<div dir=\"auto\" style=\"text-align: justify;\">El Comandante del Segundo Batall\u00f3n de la Brigada Humanitaria y de Rescate del Ej\u00e9rcito de Guatemala, Gerardo Duarte, la Gobernadora Departamental de Alta Verapaz Licda. Angela Alvarado Ten\u00ed, el Se\u00f1or Alcalde de la <a class=\"x1i10hfl xjbqb8w x1ejq31n xd10rxx x1sy0etr x17r0tee x972fbf xcfux6l x1qhh985 xm0m39n x9f619 x1ypdohk xt0psk2 xe8uvvx xdj266r x11i5rnm xat24cr x1mh8g0r xexx8yu x4uap5 x18d9i69 xkhd6sd x16tdsg8 x1hl2dhg xggy1nq x1a2a7pz xt0b8zv x1fey0fg xo1l8bm\" tabindex=\"0\" role=\"link\" href=\"https:\/\/www.facebook.com\/profile.php?id=100068519316217&amp;__cft__[0]=AZWFQJQeRBDQEWNOGxx4DgRAJvaP-lob9FMuyWs9OVDKj0jK_HmtJgf4CryZ4Jp97gsEPz5JKdDVwEhhuQ8wgF_deqZ1KLuX2emDaHwIjlHaiLCJAHkwSLeqSxC2HrJEpvomOVfOI9CjKzxgyf35xZhJxQxuynxvibpltyqjqaH9WHRwGf6KO7j9FVOgS4ZOZXY&amp;__tn__=-]K-R\"><span class=\"xt0psk2\">Municipalidad Lanquin A.V.<\/span><\/a>, se hicieron presentes al \u00e1rea, con la finalidad de fortalecer los trabajos interinstitucionales y que se contin\u00faen con las operaciones a\u00e9reas y terrestres por medio de instituciones que integran el Sistema de la Coordinadora Nacional para la Reducci\u00f3n de Desastres <a class=\"x1i10hfl xjbqb8w x1ejq31n xd10rxx x1sy0etr x17r0tee x972fbf xcfux6l x1qhh985 xm0m39n x9f619 x1ypdohk xt0psk2 xe8uvvx xdj266r x11i5rnm xat24cr x1mh8g0r xexx8yu x4uap5 x18d9i69 xkhd6sd x16tdsg8 x1hl2dhg xggy1nq x1a2a7pz xt0b8zv x1fey0fg xo1l8bm\" tabindex=\"0\" role=\"link\" href=\"https:\/\/www.facebook.com\/conredgt?__cft__[0]=AZWFQJQeRBDQEWNOGxx4DgRAJvaP-lob9FMuyWs9OVDKj0jK_HmtJgf4CryZ4Jp97gsEPz5JKdDVwEhhuQ8wgF_deqZ1KLuX2emDaHwIjlHaiLCJAHkwSLeqSxC2HrJEpvomOVfOI9CjKzxgyf35xZhJxQxuynxvibpltyqjqaH9WHRwGf6KO7j9FVOgS4ZOZXY&amp;__tn__=-]K-R\"><span class=\"xt0psk2\">Conred<\/span><\/a>, para liquidar el incendio en el Cerro Belenj\u00fa, del municipio de Lanqu\u00edn, Alta Verapaz.<\/div>\n<\/div>\n<\/div>\n<\/div>\n<\/div>\n<\/div>\n<p>&nbsp;<\/p>\n<p>&nbsp;<\/p>\n<div><\/div>\n","protected":false},"excerpt":{"rendered":"<p>Derivado del incendio forestal reportado el d\u00eda viernes por la noche en el Cerro Belenj\u00fa, del municipio de Lanqu\u00edn, Alta Verapaz., el pasado 16 de marzo se iniciaron las coordinaciones interinstitucionales para la gesti\u00f3n de recursos, equipo, personal humano, veh\u00edculos y alimentaci\u00f3n, con el objetivo de llevar a cabo de una manera organizada el trabajo [&hellip;]<\/p>\n","protected":false},"author":1,"featured_media":18182,"comment_status":"closed","ping_status":"open","sticky":false,"template":"","format":"gallery","meta":[],"categories":[6],"tags":[178],"_links":{"self":[{"href":"https:\/\/gobernacionaltaverapaz.gob.gt\/index.php?rest_route=\/wp\/v2\/posts\/18181"}],"collection":[{"href":"https:\/\/gobernacionaltaverapaz.gob.gt\/index.php?rest_route=\/wp\/v2\/posts"}],"about":[{"href":"https:\/\/gobernacionaltaverapaz.gob.gt\/index.php?rest_route=\/wp\/v2\/types\/post"}],"author":[{"embeddable":true,"href":"https:\/\/gobernacionaltaverapaz.gob.gt\/index.php?rest_route=\/wp\/v2\/users\/1"}],"replies":[{"embeddable":true,"href":"https:\/\/gobernacionaltaverapaz.gob.gt\/index.php?rest_route=%2Fwp%2Fv2%2Fcomments&post=18181"}],"version-history":[{"count":1,"href":"https:\/\/gobernacionaltaverapaz.gob.gt\/index.php?rest_route=\/wp\/v2\/posts\/18181\/revisions"}],"predecessor-version":[{"id":18183,"href":"https:\/\/gobernacionaltaverapaz.gob.gt\/index.php?rest_route=\/wp\/v2\/posts\/18181\/revisions\/18183"}],"wp:featuredmedia":[{"embeddable":true,"href":"https:\/\/gobernacionaltaverapaz.gob.gt\/index.php?rest_route=\/wp\/v2\/media\/18182"}],"wp:attachment":[{"href":"https:\/\/gobernacionaltaverapaz.gob.gt\/index.php?rest_route=%2Fwp%2Fv2%2Fmedia&parent=18181"}],"wp:term":[{"taxonomy":"category","embeddable":true,"href":"https:\/\/gobernacionaltaverapaz.gob.gt\/index.php?rest_route=%2Fwp%2Fv2%2Fcategories&post=18181"},{"taxonomy":"post_tag","embeddable":true,"href":"https:\/\/gobernacionaltaverapaz.gob.gt\/index.php?rest_route=%2Fwp%2Fv2%2Ftags&post=18181"}],"curies":[{"name":"wp","href":"https:\/\/api.w.org\/{rel}","templated":true}]}}