{"id":18204,"date":"2024-04-29T15:00:16","date_gmt":"2024-04-29T21:00:16","guid":{"rendered":"https:\/\/gobernacionaltaverapaz.gob.gt\/?p=18204"},"modified":"2024-05-07T16:02:05","modified_gmt":"2024-05-07T22:02:05","slug":"toma-de-posesion-como-gobernadora-departamental-de-alta-verapaz-la-lcda-dilia-margarita-co-coy","status":"publish","type":"post","link":"https:\/\/gobernacionaltaverapaz.gob.gt\/?p=18204","title":{"rendered":"Toma de posesi\u00f3n como Gobernadora Departamental de Alta Verapaz la Lcda. Dilia Margarita C\u00f3 Coy"},"content":{"rendered":"<div class=\"xdj266r x11i5rnm xat24cr x1mh8g0r x1vvkbs x126k92a\">\n<div dir=\"auto\" style=\"text-align: justify;\">La ma\u00f1ana del 29 de Abril de 2024 tom\u00f3 posesi\u00f3n como Gobernadora Departamental de Alta Verapaz la Lcda. Dilia Margarita C\u00f3 Coy, originaria de Tactic, nombrada por el se\u00f1or Presidente de la Rep\u00fablica <a class=\"x1i10hfl xjbqb8w x1ejq31n xd10rxx x1sy0etr x17r0tee x972fbf xcfux6l x1qhh985 xm0m39n x9f619 x1ypdohk xt0psk2 xe8uvvx xdj266r x11i5rnm xat24cr x1mh8g0r xexx8yu x4uap5 x18d9i69 xkhd6sd x16tdsg8 xggy1nq x1a2a7pz xt0b8zv x1hl2dhg x1fey0fg xo1l8bm\" tabindex=\"0\" role=\"link\" href=\"https:\/\/www.facebook.com\/Dr.BernardoArevalodeLeon?__cft__[0]=AZVoDJRO5MLHMsNX7hdVyuUR8ScK2m18hIWbFBymBE4VCXkECqEzf2U1AdkHT0OZPOHrqfFptPEWI8-51qtUEXGlNevTbv2R5w-Z59mN42lvjkM63R0P_DeXB7VQ-fn0BDvYjdkCPkvWqA6VG0zdGXq0CJ0FZ0tgdXfBxIaE1IjCinFtxQOUYLOrfmnt0D15AM0BdRS9e02TndtIclemvWNT&amp;__tn__=-]K-R\"><span class=\"xt0psk2\">Bernardo Ar\u00e9valo de Le\u00f3n<\/span><\/a>.<\/div>\n<\/div>\n<div class=\"x11i5rnm xat24cr x1mh8g0r x1vvkbs xtlvy1s x126k92a\" style=\"text-align: justify;\">\n<div dir=\"auto\">Tambi\u00e9n fue nombrado como Gobernador Suplente el Lic. Alfredo Chub Coy, originario de San Pedro Carch\u00e1, quien asume las funciones de Gobernador en los casos que establece la Ley del Organismo Ejecutivo.<\/div>\n<\/div>\n<div class=\"x11i5rnm xat24cr x1mh8g0r x1vvkbs xtlvy1s x126k92a\" style=\"text-align: justify;\">\n<div dir=\"auto\">Organizaciones de mujeres, representantes de los pueblos poqomchi y q&#8217;eqchi&#8217; y otras expresiones del departamento estuvieron presentes, celebraron junto a la se\u00f1ora Gobernadora este importante hito y se encargaron de la log\u00edstica del acto, se realiz\u00f3 una invocaci\u00f3n y a trav\u00e9s de un discurso manifestaron su apoyo a la Lcda. Dilia C\u00f3.<\/div>\n<\/div>\n<div class=\"x11i5rnm xat24cr x1mh8g0r x1vvkbs xtlvy1s x126k92a\">\n<div dir=\"auto\" style=\"text-align: justify;\">Confiamos en las decisiones del se\u00f1or Presidente y que la representaci\u00f3n del departamento queda en buenas manos, les deseamos \u00e9xitos en su gesti\u00f3n.<\/div>\n<\/div>\n<p>&nbsp;<\/p>\n<p>&nbsp;<\/p>\n<div><\/div>\n","protected":false},"excerpt":{"rendered":"<p>La ma\u00f1ana del 29 de Abril de 2024 tom\u00f3 posesi\u00f3n como Gobernadora Departamental de Alta Verapaz la Lcda. Dilia Margarita C\u00f3 Coy, originaria de Tactic, nombrada por el se\u00f1or Presidente de la Rep\u00fablica Bernardo Ar\u00e9valo de Le\u00f3n. Tambi\u00e9n fue nombrado como Gobernador Suplente el Lic. Alfredo Chub Coy, originario de San Pedro Carch\u00e1, quien asume [&hellip;]<\/p>\n","protected":false},"author":1,"featured_media":18198,"comment_status":"closed","ping_status":"open","sticky":false,"template":"","format":"gallery","meta":[],"categories":[183],"tags":[178],"_links":{"self":[{"href":"https:\/\/gobernacionaltaverapaz.gob.gt\/index.php?rest_route=\/wp\/v2\/posts\/18204"}],"collection":[{"href":"https:\/\/gobernacionaltaverapaz.gob.gt\/index.php?rest_route=\/wp\/v2\/posts"}],"about":[{"href":"https:\/\/gobernacionaltaverapaz.gob.gt\/index.php?rest_route=\/wp\/v2\/types\/post"}],"author":[{"embeddable":true,"href":"https:\/\/gobernacionaltaverapaz.gob.gt\/index.php?rest_route=\/wp\/v2\/users\/1"}],"replies":[{"embeddable":true,"href":"https:\/\/gobernacionaltaverapaz.gob.gt\/index.php?rest_route=%2Fwp%2Fv2%2Fcomments&post=18204"}],"version-history":[{"count":1,"href":"https:\/\/gobernacionaltaverapaz.gob.gt\/index.php?rest_route=\/wp\/v2\/posts\/18204\/revisions"}],"predecessor-version":[{"id":18205,"href":"https:\/\/gobernacionaltaverapaz.gob.gt\/index.php?rest_route=\/wp\/v2\/posts\/18204\/revisions\/18205"}],"wp:featuredmedia":[{"embeddable":true,"href":"https:\/\/gobernacionaltaverapaz.gob.gt\/index.php?rest_route=\/wp\/v2\/media\/18198"}],"wp:attachment":[{"href":"https:\/\/gobernacionaltaverapaz.gob.gt\/index.php?rest_route=%2Fwp%2Fv2%2Fmedia&parent=18204"}],"wp:term":[{"taxonomy":"category","embeddable":true,"href":"https:\/\/gobernacionaltaverapaz.gob.gt\/index.php?rest_route=%2Fwp%2Fv2%2Fcategories&post=18204"},{"taxonomy":"post_tag","embeddable":true,"href":"https:\/\/gobernacionaltaverapaz.gob.gt\/index.php?rest_route=%2Fwp%2Fv2%2Ftags&post=18204"}],"curies":[{"name":"wp","href":"https:\/\/api.w.org\/{rel}","templated":true}]}}