{"id":18218,"date":"2024-05-04T15:28:08","date_gmt":"2024-05-04T21:28:08","guid":{"rendered":"https:\/\/gobernacionaltaverapaz.gob.gt\/?p=18218"},"modified":"2024-05-07T16:25:13","modified_gmt":"2024-05-07T22:25:13","slug":"presidente-de-la-republica-se-reunio-con-los-gobernadores-y-gobernadoras-de-reciente-nombramiento","status":"publish","type":"post","link":"https:\/\/gobernacionaltaverapaz.gob.gt\/?p=18218","title":{"rendered":"Presidente de la Rep\u00fablica se reuni\u00f3 con los Gobernadores y Gobernadoras de reciente nombramiento"},"content":{"rendered":"<div class=\"xdj266r x11i5rnm xat24cr x1mh8g0r x1vvkbs x126k92a\">\n<div dir=\"auto\" style=\"text-align: justify;\">El pasado viernes 3 de mayo el Presidente de la Rep\u00fablica Bernardo Ar\u00e9valo se reuni\u00f3 con los Gobernadores y Gobernadoras de reciente nombramiento para coordinar el trabajo que deben realizar en sus departamentos en la ejecuci\u00f3n de proyectos en beneficio de la poblaci\u00f3n.<\/div>\n<\/div>\n<div class=\"x11i5rnm xat24cr x1mh8g0r x1vvkbs xtlvy1s x126k92a\" style=\"text-align: justify;\">\n<div dir=\"auto\">En la reuni\u00f3n tambi\u00e9n estuvieron presentes el Secretario de Coordinaci\u00f3n Ejecutiva de la Presidencia -SCEP- Victor Hugo Godoy, el Secretario General de la Presidencia Juan Gerardo Guerrero y el Ministro de Gobernaci\u00f3n Francisco Jim\u00e9nez.<\/div>\n<\/div>\n<div class=\"x11i5rnm xat24cr x1mh8g0r x1vvkbs xtlvy1s x126k92a\">\n<div dir=\"auto\" style=\"text-align: justify;\">La Gobernadora de Alta Verapaz Dilia Margarita C\u00f3 Coy en conjunto con todos los presentes establecieron lineamientos que asegurar\u00e1n el desempe\u00f1o efectivo de sus responsabilidades ante nuestro departamento.<\/div>\n<\/div>\n<p>&nbsp;<\/p>\n<div><\/div>\n","protected":false},"excerpt":{"rendered":"<p>El pasado viernes 3 de mayo el Presidente de la Rep\u00fablica Bernardo Ar\u00e9valo se reuni\u00f3 con los Gobernadores y Gobernadoras de reciente nombramiento para coordinar el trabajo que deben realizar en sus departamentos en la ejecuci\u00f3n de proyectos en beneficio de la poblaci\u00f3n. En la reuni\u00f3n tambi\u00e9n estuvieron presentes el Secretario de Coordinaci\u00f3n Ejecutiva de [&hellip;]<\/p>\n","protected":false},"author":1,"featured_media":18211,"comment_status":"closed","ping_status":"open","sticky":false,"template":"","format":"gallery","meta":[],"categories":[194],"tags":[178],"_links":{"self":[{"href":"https:\/\/gobernacionaltaverapaz.gob.gt\/index.php?rest_route=\/wp\/v2\/posts\/18218"}],"collection":[{"href":"https:\/\/gobernacionaltaverapaz.gob.gt\/index.php?rest_route=\/wp\/v2\/posts"}],"about":[{"href":"https:\/\/gobernacionaltaverapaz.gob.gt\/index.php?rest_route=\/wp\/v2\/types\/post"}],"author":[{"embeddable":true,"href":"https:\/\/gobernacionaltaverapaz.gob.gt\/index.php?rest_route=\/wp\/v2\/users\/1"}],"replies":[{"embeddable":true,"href":"https:\/\/gobernacionaltaverapaz.gob.gt\/index.php?rest_route=%2Fwp%2Fv2%2Fcomments&post=18218"}],"version-history":[{"count":1,"href":"https:\/\/gobernacionaltaverapaz.gob.gt\/index.php?rest_route=\/wp\/v2\/posts\/18218\/revisions"}],"predecessor-version":[{"id":18219,"href":"https:\/\/gobernacionaltaverapaz.gob.gt\/index.php?rest_route=\/wp\/v2\/posts\/18218\/revisions\/18219"}],"wp:featuredmedia":[{"embeddable":true,"href":"https:\/\/gobernacionaltaverapaz.gob.gt\/index.php?rest_route=\/wp\/v2\/media\/18211"}],"wp:attachment":[{"href":"https:\/\/gobernacionaltaverapaz.gob.gt\/index.php?rest_route=%2Fwp%2Fv2%2Fmedia&parent=18218"}],"wp:term":[{"taxonomy":"category","embeddable":true,"href":"https:\/\/gobernacionaltaverapaz.gob.gt\/index.php?rest_route=%2Fwp%2Fv2%2Fcategories&post=18218"},{"taxonomy":"post_tag","embeddable":true,"href":"https:\/\/gobernacionaltaverapaz.gob.gt\/index.php?rest_route=%2Fwp%2Fv2%2Ftags&post=18218"}],"curies":[{"name":"wp","href":"https:\/\/api.w.org\/{rel}","templated":true}]}}