{"id":18239,"date":"2024-05-08T12:30:42","date_gmt":"2024-05-08T18:30:42","guid":{"rendered":"https:\/\/gobernacionaltaverapaz.gob.gt\/?p=18239"},"modified":"2024-05-14T12:05:56","modified_gmt":"2024-05-14T18:05:56","slug":"participaron-en-la-socializacion-de-la-politica-general-de-gobierno-2024-2028-por-parte-de-la-delegacion-departamental-de-segeplan","status":"publish","type":"post","link":"https:\/\/gobernacionaltaverapaz.gob.gt\/?p=18239","title":{"rendered":"participaron en la socializaci\u00f3n de la Pol\u00edtica General de Gobierno 2024-2028"},"content":{"rendered":"<div class=\"xdj266r x11i5rnm xat24cr x1mh8g0r x1vvkbs x126k92a\">\n<div dir=\"auto\" style=\"text-align: justify;\">Esta ma\u00f1ana la Gobernadora Dilia Margarita C\u00f3 Coy junto con los representantes de las Instituciones Gubernamentales con presencia en el departamento de Alta Verapaz, alcaldes y organizaciones no gubernamentales, participaron en la socializaci\u00f3n de la Pol\u00edtica General de Gobierno 2024-2028 por parte de la Delegaci\u00f3n Departamental de SEGEPLAN.<\/div>\n<\/div>\n<div class=\"x11i5rnm xat24cr x1mh8g0r x1vvkbs xtlvy1s x126k92a\" style=\"text-align: justify;\">\n<div dir=\"auto\">Se explic\u00f3 a grandes rasgos su relaci\u00f3n con el Kat\u00fan 2020-2032 y se compartieron los 10 ejes de la Pol\u00edtica General de Gobierno que orientar\u00e1 los esfuerzos del Presidente Bernardo Ar\u00e9valo y la vicepresidenta Karin Herrera para cumplir con las demandas del Pueblo de Guatemala.<\/div>\n<\/div>\n<div class=\"x11i5rnm xat24cr x1mh8g0r x1vvkbs xtlvy1s x126k92a\" style=\"text-align: justify;\">\n<div dir=\"auto\">La Pol\u00edtica General de Gobierno responde al pa\u00eds que aspiramos y el Estado que necesitamos, creemos en:<\/div>\n<div dir=\"auto\"><span class=\"x3nfvp2 x1j61x8r x1fcty0u xdj266r xhhsvwb xat24cr xgzva0m xxymvpz xlup9mm x1kky2od\"><img decoding=\"async\" loading=\"lazy\" class=\"xz74otr\" src=\"https:\/\/static.xx.fbcdn.net\/images\/emoji.php\/v9\/t7a\/1\/16\/31_20e3.png\" alt=\"1\ufe0f\u20e3\" width=\"16\" height=\"16\" \/><\/span> Una Guatemala para todas y todos, sin exclusi\u00f3n, ni discriminaci\u00f3n<\/div>\n<div dir=\"auto\"><span class=\"x3nfvp2 x1j61x8r x1fcty0u xdj266r xhhsvwb xat24cr xgzva0m xxymvpz xlup9mm x1kky2od\"><img decoding=\"async\" loading=\"lazy\" class=\"xz74otr\" src=\"https:\/\/static.xx.fbcdn.net\/images\/emoji.php\/v9\/t99\/1\/16\/32_20e3.png\" alt=\"2\ufe0f\u20e3\" width=\"16\" height=\"16\" \/><\/span> Un Estado garante de la pluralidad<\/div>\n<div dir=\"auto\"><span class=\"x3nfvp2 x1j61x8r x1fcty0u xdj266r xhhsvwb xat24cr xgzva0m xxymvpz xlup9mm x1kky2od\"><img decoding=\"async\" loading=\"lazy\" class=\"xz74otr\" src=\"https:\/\/static.xx.fbcdn.net\/images\/emoji.php\/v9\/tb8\/1\/16\/33_20e3.png\" alt=\"3\ufe0f\u20e3\" width=\"16\" height=\"16\" \/><\/span> Un Estado procurador del bienestar y desarrollo humano integral<\/div>\n<div dir=\"auto\"><span class=\"x3nfvp2 x1j61x8r x1fcty0u xdj266r xhhsvwb xat24cr xgzva0m xxymvpz xlup9mm x1kky2od\"><img decoding=\"async\" loading=\"lazy\" class=\"xz74otr\" src=\"https:\/\/static.xx.fbcdn.net\/images\/emoji.php\/v9\/td7\/1\/16\/34_20e3.png\" alt=\"4\ufe0f\u20e3\" width=\"16\" height=\"16\" \/><\/span> Un Estado fuerte, soberano y eficaz, basado en derecho y firmemente sujeto a la ley<\/div>\n<div dir=\"auto\"><span class=\"x3nfvp2 x1j61x8r x1fcty0u xdj266r xhhsvwb xat24cr xgzva0m xxymvpz xlup9mm x1kky2od\"><img decoding=\"async\" loading=\"lazy\" class=\"xz74otr\" src=\"https:\/\/static.xx.fbcdn.net\/images\/emoji.php\/v9\/tf6\/1\/16\/35_20e3.png\" alt=\"5\ufe0f\u20e3\" width=\"16\" height=\"16\" \/><\/span> Que se comporte como actor internacional responsable<\/div>\n<\/div>\n<div class=\"x11i5rnm xat24cr x1mh8g0r x1vvkbs xtlvy1s x126k92a\" style=\"text-align: justify;\">\n<div dir=\"auto\">\u00bfY c\u00f3mo lo vamos a conseguir?<\/div>\n<div dir=\"auto\"><span class=\"x3nfvp2 x1j61x8r x1fcty0u xdj266r xhhsvwb xat24cr xgzva0m xxymvpz xlup9mm x1kky2od\"><img decoding=\"async\" loading=\"lazy\" class=\"xz74otr\" src=\"https:\/\/static.xx.fbcdn.net\/images\/emoji.php\/v9\/t33\/1\/16\/2705.png\" alt=\"\u2705\" width=\"16\" height=\"16\" \/><\/span> Transparencia y rendici\u00f3n de cuentas<\/div>\n<div dir=\"auto\"><span class=\"x3nfvp2 x1j61x8r x1fcty0u xdj266r xhhsvwb xat24cr xgzva0m xxymvpz xlup9mm x1kky2od\"><img decoding=\"async\" loading=\"lazy\" class=\"xz74otr\" src=\"https:\/\/static.xx.fbcdn.net\/images\/emoji.php\/v9\/t33\/1\/16\/2705.png\" alt=\"\u2705\" width=\"16\" height=\"16\" \/><\/span> Gesti\u00f3n de riesgos naturales y antropog\u00e9nicos<\/div>\n<div dir=\"auto\"><span class=\"x3nfvp2 x1j61x8r x1fcty0u xdj266r xhhsvwb xat24cr xgzva0m xxymvpz xlup9mm x1kky2od\"><img decoding=\"async\" loading=\"lazy\" class=\"xz74otr\" src=\"https:\/\/static.xx.fbcdn.net\/images\/emoji.php\/v9\/t33\/1\/16\/2705.png\" alt=\"\u2705\" width=\"16\" height=\"16\" \/><\/span> Atenci\u00f3n a grupos vulnerables<\/div>\n<div dir=\"auto\"><span class=\"x3nfvp2 x1j61x8r x1fcty0u xdj266r xhhsvwb xat24cr xgzva0m xxymvpz xlup9mm x1kky2od\"><img decoding=\"async\" loading=\"lazy\" class=\"xz74otr\" src=\"https:\/\/static.xx.fbcdn.net\/images\/emoji.php\/v9\/t33\/1\/16\/2705.png\" alt=\"\u2705\" width=\"16\" height=\"16\" \/><\/span> Participaci\u00f3n ciudadana y coordinaci\u00f3n interinstitucional<\/div>\n<div dir=\"auto\"><span class=\"x3nfvp2 x1j61x8r x1fcty0u xdj266r xhhsvwb xat24cr xgzva0m xxymvpz xlup9mm x1kky2od\"><img decoding=\"async\" loading=\"lazy\" class=\"xz74otr\" src=\"https:\/\/static.xx.fbcdn.net\/images\/emoji.php\/v9\/t33\/1\/16\/2705.png\" alt=\"\u2705\" width=\"16\" height=\"16\" \/><\/span> Liderazgo y coordinaci\u00f3n en la evaluaci\u00f3n y formulaci\u00f3n de pol\u00edticas<\/div>\n<div dir=\"auto\"><span class=\"x3nfvp2 x1j61x8r x1fcty0u xdj266r xhhsvwb xat24cr xgzva0m xxymvpz xlup9mm x1kky2od\"><img decoding=\"async\" loading=\"lazy\" class=\"xz74otr\" src=\"https:\/\/static.xx.fbcdn.net\/images\/emoji.php\/v9\/t33\/1\/16\/2705.png\" alt=\"\u2705\" width=\"16\" height=\"16\" \/><\/span> Priorizaci\u00f3n de acciones para el desarrollo con planes territoriales<\/div>\n<div dir=\"auto\"><span class=\"x3nfvp2 x1j61x8r x1fcty0u xdj266r xhhsvwb xat24cr xgzva0m xxymvpz xlup9mm x1kky2od\"><img decoding=\"async\" loading=\"lazy\" class=\"xz74otr\" src=\"https:\/\/static.xx.fbcdn.net\/images\/emoji.php\/v9\/t33\/1\/16\/2705.png\" alt=\"\u2705\" width=\"16\" height=\"16\" \/><\/span> Coordinaci\u00f3n entre pol\u00edticas municipales y nacionales<\/div>\n<div dir=\"auto\"><span class=\"x3nfvp2 x1j61x8r x1fcty0u xdj266r xhhsvwb xat24cr xgzva0m xxymvpz xlup9mm x1kky2od\"><img decoding=\"async\" loading=\"lazy\" class=\"xz74otr\" src=\"https:\/\/static.xx.fbcdn.net\/images\/emoji.php\/v9\/t33\/1\/16\/2705.png\" alt=\"\u2705\" width=\"16\" height=\"16\" \/><\/span> Modernizaci\u00f3n e innovaci\u00f3n de la gesti\u00f3n p\u00fablica<\/div>\n<div dir=\"auto\"><span class=\"x3nfvp2 x1j61x8r x1fcty0u xdj266r xhhsvwb xat24cr xgzva0m xxymvpz xlup9mm x1kky2od\"><img decoding=\"async\" loading=\"lazy\" class=\"xz74otr\" src=\"https:\/\/static.xx.fbcdn.net\/images\/emoji.php\/v9\/t33\/1\/16\/2705.png\" alt=\"\u2705\" width=\"16\" height=\"16\" \/><\/span> Cumplimiento de compromisos internacionales<\/div>\n<div dir=\"auto\"><span class=\"x3nfvp2 x1j61x8r x1fcty0u xdj266r xhhsvwb xat24cr xgzva0m xxymvpz xlup9mm x1kky2od\"><img decoding=\"async\" loading=\"lazy\" class=\"xz74otr\" src=\"https:\/\/static.xx.fbcdn.net\/images\/emoji.php\/v9\/t33\/1\/16\/2705.png\" alt=\"\u2705\" width=\"16\" height=\"16\" \/><\/span> Eficacia en la cooperaci\u00f3n internacional coordinada y alineada a con prioridades<\/div>\n<\/div>\n<div class=\"x11i5rnm xat24cr x1mh8g0r x1vvkbs xtlvy1s x126k92a\" style=\"text-align: justify;\">\n<div dir=\"auto\">Invitamos a todos los ciudadanos a informarse t\u00e9cnicamente de esta importante documentaci\u00f3n que debe ser de inter\u00e9s para todos y todas:<\/div>\n<\/div>\n<div class=\"x11i5rnm xat24cr x1mh8g0r x1vvkbs xtlvy1s x126k92a\" style=\"text-align: justify;\">\n<div dir=\"auto\">Acuerdo Gubernativo 41-2024 del Ministerio de Gobernaci\u00f3n (2 p\u00e1ginas)<\/div>\n<div dir=\"auto\"><span class=\"html-span xdj266r x11i5rnm xat24cr x1mh8g0r xexx8yu x4uap5 x18d9i69 xkhd6sd x1hl2dhg x16tdsg8 x1vvkbs\"><a class=\"x1i10hfl xjbqb8w x1ejq31n xd10rxx x1sy0etr x17r0tee x972fbf xcfux6l x1qhh985 xm0m39n x9f619 x1ypdohk xt0psk2 xe8uvvx xdj266r x11i5rnm xat24cr x1mh8g0r xexx8yu x4uap5 x18d9i69 xkhd6sd x16tdsg8 x1hl2dhg xggy1nq x1a2a7pz x1sur9pj xkrqix3 x1fey0fg\" tabindex=\"0\" role=\"link\" href=\"https:\/\/gobernacionaltaverapaz.gob.gt\/links\/web002.html?fbclid=IwZXh0bgNhZW0CMTAAAR0CECFj6-eN7JOrlYwCs8XJBMyFbnpFSS335fyGYYUYg-Is-XmVSQ9CX3Q_aem_AcF8cXMMB9HYnY1PCPp-HlYch7yCJVvpFw3m8zcLE4Vkasi0Tf187pCuje75gLWxPYPCrDnnKYfv0XCs6lK2xaHm\" target=\"_blank\" rel=\"nofollow noopener noreferrer\">https:\/\/gobernacionaltaverapaz.gob.gt\/links\/web002.html<\/a><\/span><\/div>\n<\/div>\n<div class=\"x11i5rnm xat24cr x1mh8g0r x1vvkbs xtlvy1s x126k92a\" style=\"text-align: justify;\">\n<div dir=\"auto\">Principios de la Administraci\u00f3n de Gobierno 2024-2028 (21 diapositivas)<\/div>\n<div dir=\"auto\"><span class=\"html-span xdj266r x11i5rnm xat24cr x1mh8g0r xexx8yu x4uap5 x18d9i69 xkhd6sd x1hl2dhg x16tdsg8 x1vvkbs\"><a class=\"x1i10hfl xjbqb8w x1ejq31n xd10rxx x1sy0etr x17r0tee x972fbf xcfux6l x1qhh985 xm0m39n x9f619 x1ypdohk xt0psk2 xe8uvvx xdj266r x11i5rnm xat24cr x1mh8g0r xexx8yu x4uap5 x18d9i69 xkhd6sd x16tdsg8 x1hl2dhg xggy1nq x1a2a7pz x1sur9pj xkrqix3 x1fey0fg\" tabindex=\"0\" role=\"link\" href=\"https:\/\/gobernacionaltaverapaz.gob.gt\/links\/web003.html?fbclid=IwZXh0bgNhZW0CMTAAAR2MYWUQ5Eju-Wg6l5IEsxjqztryIVZNr98ItQvrx5twByNoskCQ5lvxTXI_aem_AcE-MOQed2fqDoSNMXrjRu8VPTwfNQFctGJ_yUJ7y9vXWMZwVmaAZnu3cy7DjpXd75_gKucuBqxiSw8Mp7bvuD-u\" target=\"_blank\" rel=\"nofollow noopener noreferrer\">https:\/\/gobernacionaltaverapaz.gob.gt\/links\/web003.html<\/a><\/span><\/div>\n<\/div>\n<div class=\"x11i5rnm xat24cr x1mh8g0r x1vvkbs xtlvy1s x126k92a\" style=\"text-align: justify;\">\n<div dir=\"auto\">Pol\u00edtica General de Gobierno 2024 &#8211; 2028 (114 p\u00e1ginas)<\/div>\n<div dir=\"auto\"><span class=\"html-span xdj266r x11i5rnm xat24cr x1mh8g0r xexx8yu x4uap5 x18d9i69 xkhd6sd x1hl2dhg x16tdsg8 x1vvkbs\"><a class=\"x1i10hfl xjbqb8w x1ejq31n xd10rxx x1sy0etr x17r0tee x972fbf xcfux6l x1qhh985 xm0m39n x9f619 x1ypdohk xt0psk2 xe8uvvx xdj266r x11i5rnm xat24cr x1mh8g0r xexx8yu x4uap5 x18d9i69 xkhd6sd x16tdsg8 x1hl2dhg xggy1nq x1a2a7pz x1sur9pj xkrqix3 x1fey0fg\" tabindex=\"0\" role=\"link\" href=\"https:\/\/l.facebook.com\/l.php?u=https%3A%2F%2Fgobernacionaltaverapaz.gob.gt%2Flinks%2Fweb004.html%3Ffbclid%3DIwZXh0bgNhZW0CMTAAAR0GDdl9erp5f2eqc5AtYZA4_le5O7D01-ObzjbAaQEQSoqTIw0wxFJsuYQ_aem_AcEv0WrwSe2tYX3bwtODe63t5paJC4KTPi1_89Nn4qZP1SowIg-_K3oidzSsjQZjxLCVXFR0I2jCG-U0Vd4TmcO3&amp;h=AT0w4xmomjhfHSDCUByPX6BA-Blc4rjdnBYRJs51IlHLtHL85vCtjNGZxk6apvnmlAA0_5qq3prJECUR9OWnCQpgurW9Bs_q_W4WWI8hiQq3UCJIN8IPDj39Z7mC6lhQu_vqasWNP24xivU9QsnS&amp;__tn__=-UK-R&amp;c[0]=AT03PaC-OosNuxM7vs8hnEBPf1DPzwNFr7LYLwsJpzetcXYhjbJf4HF2jiJygonZMBWmdhD787Ty6eZVp2y8fq7EkvTq9N_G-7L7rcMZexqQUnn7BSiD0-9rhlNwpVLU9Kgc85wumzU_ec4eMfOVC2ItiS_Dko4N3Wig562xNMnuq8CYvSseeixqW8pUdcd-EtITjfDxKhG0vKJ-J4wdJVElt9yIciha_pGD\" target=\"_blank\" rel=\"nofollow noopener noreferrer\">https:\/\/gobernacionaltaverapaz.gob.gt\/links\/web004.html<\/a><\/span><\/div>\n<\/div>\n<div class=\"x11i5rnm xat24cr x1mh8g0r x1vvkbs xtlvy1s x126k92a\">\n<div dir=\"auto\" style=\"text-align: justify;\">Un ciudadano informado es un ciudadano responsable y comprometido con su pa\u00eds, aprovechemos las facilidades que la tecnolog\u00eda nos brinda.<\/div>\n<\/div>\n<p>&nbsp;<\/p>\n<p>&nbsp;<\/p>\n<p>&nbsp;<\/p>\n<div><\/div>\n","protected":false},"excerpt":{"rendered":"<p>Esta ma\u00f1ana la Gobernadora Dilia Margarita C\u00f3 Coy junto con los representantes de las Instituciones Gubernamentales con presencia en el departamento de Alta Verapaz, alcaldes y organizaciones no gubernamentales, participaron en la socializaci\u00f3n de la Pol\u00edtica General de Gobierno 2024-2028 por parte de la Delegaci\u00f3n Departamental de SEGEPLAN. Se explic\u00f3 a grandes rasgos su relaci\u00f3n [&hellip;]<\/p>\n","protected":false},"author":1,"featured_media":18240,"comment_status":"closed","ping_status":"open","sticky":false,"template":"","format":"gallery","meta":[],"categories":[194],"tags":[178],"_links":{"self":[{"href":"https:\/\/gobernacionaltaverapaz.gob.gt\/index.php?rest_route=\/wp\/v2\/posts\/18239"}],"collection":[{"href":"https:\/\/gobernacionaltaverapaz.gob.gt\/index.php?rest_route=\/wp\/v2\/posts"}],"about":[{"href":"https:\/\/gobernacionaltaverapaz.gob.gt\/index.php?rest_route=\/wp\/v2\/types\/post"}],"author":[{"embeddable":true,"href":"https:\/\/gobernacionaltaverapaz.gob.gt\/index.php?rest_route=\/wp\/v2\/users\/1"}],"replies":[{"embeddable":true,"href":"https:\/\/gobernacionaltaverapaz.gob.gt\/index.php?rest_route=%2Fwp%2Fv2%2Fcomments&post=18239"}],"version-history":[{"count":2,"href":"https:\/\/gobernacionaltaverapaz.gob.gt\/index.php?rest_route=\/wp\/v2\/posts\/18239\/revisions"}],"predecessor-version":[{"id":18242,"href":"https:\/\/gobernacionaltaverapaz.gob.gt\/index.php?rest_route=\/wp\/v2\/posts\/18239\/revisions\/18242"}],"wp:featuredmedia":[{"embeddable":true,"href":"https:\/\/gobernacionaltaverapaz.gob.gt\/index.php?rest_route=\/wp\/v2\/media\/18240"}],"wp:attachment":[{"href":"https:\/\/gobernacionaltaverapaz.gob.gt\/index.php?rest_route=%2Fwp%2Fv2%2Fmedia&parent=18239"}],"wp:term":[{"taxonomy":"category","embeddable":true,"href":"https:\/\/gobernacionaltaverapaz.gob.gt\/index.php?rest_route=%2Fwp%2Fv2%2Fcategories&post=18239"},{"taxonomy":"post_tag","embeddable":true,"href":"https:\/\/gobernacionaltaverapaz.gob.gt\/index.php?rest_route=%2Fwp%2Fv2%2Ftags&post=18239"}],"curies":[{"name":"wp","href":"https:\/\/api.w.org\/{rel}","templated":true}]}}