{"id":18256,"date":"2024-05-10T13:20:19","date_gmt":"2024-05-10T19:20:19","guid":{"rendered":"https:\/\/gobernacionaltaverapaz.gob.gt\/?p=18256"},"modified":"2024-05-15T09:28:24","modified_gmt":"2024-05-15T15:28:24","slug":"gobernadora-de-alta-verapaz-atendio-la-solicitud-de-los-miembros-del-espacio-de-autoridades-ancestrales-iximulew","status":"publish","type":"post","link":"https:\/\/gobernacionaltaverapaz.gob.gt\/?p=18256","title":{"rendered":"Gobernadora de Alta Verapaz atendi\u00f3 la solicitud de los miembros del Espacio de Autoridades Ancestrales Iximulew"},"content":{"rendered":"<div class=\"xdj266r x11i5rnm xat24cr x1mh8g0r x1vvkbs x126k92a\">\n<div dir=\"auto\" style=\"text-align: justify;\">Esta ma\u00f1ana la Gobernadora de Alta Verapaz Lcda. Dilia Margarita C\u00f3 Coy atendi\u00f3 la solicitud de los miembros del Espacio de Autoridades Ancestrales Iximulew con el objetivo de escuchar las solicitudes que las comunidades han exteriorizado, entre las cuales se pueden mencionar entre otras:<\/div>\n<\/div>\n<div class=\"x11i5rnm xat24cr x1mh8g0r x1vvkbs xtlvy1s x126k92a\" style=\"text-align: justify;\">\n<div dir=\"auto\">Apertura para acceder con pertinencia cultural a los Ministerios y Secretar\u00edas que tienen presencia en el departamento de Alta Verapaz<\/div>\n<\/div>\n<div class=\"x11i5rnm xat24cr x1mh8g0r x1vvkbs xtlvy1s x126k92a\" style=\"text-align: justify;\">\n<div dir=\"auto\">Garantizar la protecci\u00f3n de los lugares sagrados y nacimientos de agua en el Municipio de Chisec.<\/div>\n<\/div>\n<div class=\"x11i5rnm xat24cr x1mh8g0r x1vvkbs xtlvy1s x126k92a\" style=\"text-align: justify;\">\n<div dir=\"auto\">Que las instituciones puedan atender y darle seguimiento a los casos de violencia contra las mujeres en todas sus manifestaciones.<\/div>\n<\/div>\n<div class=\"x11i5rnm xat24cr x1mh8g0r x1vvkbs xtlvy1s x126k92a\" style=\"text-align: justify;\">\n<div dir=\"auto\">Realizar visitas a las comunidades en sus respectivos municipios para conocer de cerca sus necesidades.<\/div>\n<\/div>\n<div class=\"x11i5rnm xat24cr x1mh8g0r x1vvkbs xtlvy1s x126k92a\">\n<div dir=\"auto\" style=\"text-align: justify;\">La Gobernadora manifest\u00f3 que realizar\u00e1 las gestiones necesarias y que est\u00e9n entre sus funciones de acuerdo a lo que establece el marco legal para apoyar a los pueblos mayas en el territorio del departamento de Alta Verapaz.<\/div>\n<\/div>\n<p>&nbsp;<\/p>\n<div><\/div>\n<p>&nbsp;<\/p>\n<p>&nbsp;<\/p>\n","protected":false},"excerpt":{"rendered":"<p>Esta ma\u00f1ana la Gobernadora de Alta Verapaz Lcda. Dilia Margarita C\u00f3 Coy atendi\u00f3 la solicitud de los miembros del Espacio de Autoridades Ancestrales Iximulew con el objetivo de escuchar las solicitudes que las comunidades han exteriorizado, entre las cuales se pueden mencionar entre otras: Apertura para acceder con pertinencia cultural a los Ministerios y Secretar\u00edas [&hellip;]<\/p>\n","protected":false},"author":1,"featured_media":18257,"comment_status":"closed","ping_status":"open","sticky":false,"template":"","format":"gallery","meta":[],"categories":[183],"tags":[178],"_links":{"self":[{"href":"https:\/\/gobernacionaltaverapaz.gob.gt\/index.php?rest_route=\/wp\/v2\/posts\/18256"}],"collection":[{"href":"https:\/\/gobernacionaltaverapaz.gob.gt\/index.php?rest_route=\/wp\/v2\/posts"}],"about":[{"href":"https:\/\/gobernacionaltaverapaz.gob.gt\/index.php?rest_route=\/wp\/v2\/types\/post"}],"author":[{"embeddable":true,"href":"https:\/\/gobernacionaltaverapaz.gob.gt\/index.php?rest_route=\/wp\/v2\/users\/1"}],"replies":[{"embeddable":true,"href":"https:\/\/gobernacionaltaverapaz.gob.gt\/index.php?rest_route=%2Fwp%2Fv2%2Fcomments&post=18256"}],"version-history":[{"count":1,"href":"https:\/\/gobernacionaltaverapaz.gob.gt\/index.php?rest_route=\/wp\/v2\/posts\/18256\/revisions"}],"predecessor-version":[{"id":18258,"href":"https:\/\/gobernacionaltaverapaz.gob.gt\/index.php?rest_route=\/wp\/v2\/posts\/18256\/revisions\/18258"}],"wp:featuredmedia":[{"embeddable":true,"href":"https:\/\/gobernacionaltaverapaz.gob.gt\/index.php?rest_route=\/wp\/v2\/media\/18257"}],"wp:attachment":[{"href":"https:\/\/gobernacionaltaverapaz.gob.gt\/index.php?rest_route=%2Fwp%2Fv2%2Fmedia&parent=18256"}],"wp:term":[{"taxonomy":"category","embeddable":true,"href":"https:\/\/gobernacionaltaverapaz.gob.gt\/index.php?rest_route=%2Fwp%2Fv2%2Fcategories&post=18256"},{"taxonomy":"post_tag","embeddable":true,"href":"https:\/\/gobernacionaltaverapaz.gob.gt\/index.php?rest_route=%2Fwp%2Fv2%2Ftags&post=18256"}],"curies":[{"name":"wp","href":"https:\/\/api.w.org\/{rel}","templated":true}]}}