{"id":18269,"date":"2024-05-13T17:56:04","date_gmt":"2024-05-13T23:56:04","guid":{"rendered":"https:\/\/gobernacionaltaverapaz.gob.gt\/?p=18269"},"modified":"2024-05-15T09:45:58","modified_gmt":"2024-05-15T15:45:58","slug":"firma-de-los-convenios-para-el-financiamiento-de-proyectos-en-los-municipios-de-altas-verapaz-por-parte-del-codedeav","status":"publish","type":"post","link":"https:\/\/gobernacionaltaverapaz.gob.gt\/?p=18269","title":{"rendered":"Firma de los Convenios para el financiamiento de Proyectos en los Municipios de Altas Verapaz, por parte del CODEDEAV"},"content":{"rendered":"<div class=\"xdj266r x11i5rnm xat24cr x1mh8g0r x1vvkbs x126k92a\">\n<div dir=\"auto\" style=\"text-align: justify;\">Esta ma\u00f1ana se dio inicio a la Mesa T\u00e9cnica en la que se est\u00e1n resolviendo los tr\u00e1mites entre Alcald\u00edas Municipales y los entes rectores de las Instituciones involucradas en el proceso de aprobaci\u00f3n de expedientes para la \ud835\uddf3\ud835\uddf6\ud835\uddff\ud835\uddfa\ud835\uddee \ud835\uddf1\ud835\uddf2 \ud835\uddf9\ud835\uddfc\ud835\ude00 \ud835\uddd6\ud835\uddfc\ud835\uddfb\ud835\ude03\ud835\uddf2\ud835\uddfb\ud835\uddf6\ud835\uddfc\ud835\ude00 \ud835\uddfd\ud835\uddee\ud835\uddff\ud835\uddee \ud835\uddf2\ud835\uddf9 \ud835\uddf3\ud835\uddf6\ud835\uddfb\ud835\uddee\ud835\uddfb\ud835\uddf0\ud835\uddf6\ud835\uddee\ud835\uddfa\ud835\uddf6\ud835\uddf2\ud835\uddfb\ud835\ude01\ud835\uddfc \ud835\uddf1\ud835\uddf2 \ud835\udde3\ud835\uddff\ud835\uddfc\ud835\ude06\ud835\uddf2\ud835\uddf0\ud835\ude01\ud835\uddfc\ud835\ude00 \ud835\uddf2\ud835\uddfb \ud835\uddf9\ud835\uddfc\ud835\ude00 \ud835\udde0\ud835\ude02\ud835\uddfb\ud835\uddf6\ud835\uddf0\ud835\uddf6\ud835\uddfd\ud835\uddf6\ud835\uddfc\ud835\ude00 \ud835\uddf1\ud835\uddf2 \ud835\uddd4\ud835\uddf9\ud835\ude01\ud835\uddee \ud835\udde9\ud835\uddf2\ud835\uddff\ud835\uddee\ud835\uddfd\ud835\uddee\ud835\ude07, \ud835\uddfd\ud835\uddfc\ud835\uddff \ud835\uddfd\ud835\uddee\ud835\uddff\ud835\ude01\ud835\uddf2 \ud835\uddf1\ud835\uddf2\ud835\uddf9 \ud835\uddd6\ud835\udde2\ud835\uddd7\ud835\uddd8\ud835\uddd7\ud835\uddd8\ud835\uddd4\ud835\udde9.<\/div>\n<\/div>\n<div class=\"x11i5rnm xat24cr x1mh8g0r x1vvkbs xtlvy1s x126k92a\" style=\"text-align: justify;\">\n<div dir=\"auto\">La Mesa T\u00e9cnica estuvo presidida por la Gobernadora Departamental Dilia Margarita C\u00f3 Coy, en su rol de Presidente del CODEDEAV (Consejo Departamental de Desarrollo de Alta Verapaz) y estuvieron acompa\u00f1\u00e1ndola el Director del CODEDEAV &#8211; Fidel Ponce, tambi\u00e9n el Secretario del CODEDEAV Oscar Flores de SEGEPLAN y el Presidente del Consejo Regional de Desarrollo Urbano y Rural Regi\u00f3n Norte COREDUR, Marvin Ariel G\u00f3mez.<\/div>\n<\/div>\n<div class=\"x11i5rnm xat24cr x1mh8g0r x1vvkbs xtlvy1s x126k92a\" style=\"text-align: justify;\">\n<div dir=\"auto\">El objetivo fue llegar a acuerdos y compromisos interinstitucionales, agilizar los procesos para la elaboraci\u00f3n de Convenios y pasar a la firma de los mismos y de esta forma abrir los procesos de licitaci\u00f3n y comenzar a ejecutar los recursos.<\/div>\n<\/div>\n<div class=\"x11i5rnm xat24cr x1mh8g0r x1vvkbs xtlvy1s x126k92a\" style=\"text-align: justify;\">\n<div dir=\"auto\">En Alta Verapaz hay un total de 108 proyectos para el ejercicio 2024 de los cuales solamente 1 est\u00e1 en ejecuci\u00f3n, hay 18 proyectos que tienen listo el convenio para firma y 89 proyectos que a\u00fan deben completar papeler\u00eda en sus respectivos expedientes.<\/div>\n<\/div>\n<div class=\"x11i5rnm xat24cr x1mh8g0r x1vvkbs xtlvy1s x126k92a\" style=\"text-align: justify;\">\n<div dir=\"auto\">La Mesa T\u00e9cnica tiene como meta establecer una ruta m\u00e1s \u00e1gil para que la Direcci\u00f3n Municipal de Planificaci\u00f3n de cada municipalidad a trav\u00e9s de SEGEPLAN pueda completar sus expedientes a m\u00e1s tardar del 15 de junio de 2024.<\/div>\n<\/div>\n<div class=\"x11i5rnm xat24cr x1mh8g0r x1vvkbs xtlvy1s x126k92a\" style=\"text-align: justify;\">\n<div dir=\"auto\">El monto total de inversi\u00f3n para este a\u00f1o con fondos del CODEDE es de \ud835\udde4\ud835\udfee\ud835\udfed\ud835\udfee,\ud835\udfed\ud835\udff2\ud835\udff5,\ud835\udfed\ud835\udff2\ud835\udfec.\ud835\udfec\ud835\udfec de los 108 proyectos mencionados.<\/div>\n<\/div>\n<div class=\"x11i5rnm xat24cr x1mh8g0r x1vvkbs xtlvy1s x126k92a\">\n<div dir=\"auto\" style=\"text-align: justify;\">Estaremos informando del avance de todos estos proyectos a trav\u00e9s de este espacio, con todos los detalles de cada uno para que la poblaci\u00f3n del departamento pueda ejercer su derecho a la auditor\u00eda social.<\/div>\n<\/div>\n<p>&nbsp;<\/p>\n<p>&nbsp;<\/p>\n<div><\/div>\n","protected":false},"excerpt":{"rendered":"<p>Esta ma\u00f1ana se dio inicio a la Mesa T\u00e9cnica en la que se est\u00e1n resolviendo los tr\u00e1mites entre Alcald\u00edas Municipales y los entes rectores de las Instituciones involucradas en el proceso de aprobaci\u00f3n de expedientes para la \ud835\uddf3\ud835\uddf6\ud835\uddff\ud835\uddfa\ud835\uddee \ud835\uddf1\ud835\uddf2 \ud835\uddf9\ud835\uddfc\ud835\ude00 \ud835\uddd6\ud835\uddfc\ud835\uddfb\ud835\ude03\ud835\uddf2\ud835\uddfb\ud835\uddf6\ud835\uddfc\ud835\ude00 \ud835\uddfd\ud835\uddee\ud835\uddff\ud835\uddee \ud835\uddf2\ud835\uddf9 \ud835\uddf3\ud835\uddf6\ud835\uddfb\ud835\uddee\ud835\uddfb\ud835\uddf0\ud835\uddf6\ud835\uddee\ud835\uddfa\ud835\uddf6\ud835\uddf2\ud835\uddfb\ud835\ude01\ud835\uddfc \ud835\uddf1\ud835\uddf2 \ud835\udde3\ud835\uddff\ud835\uddfc\ud835\ude06\ud835\uddf2\ud835\uddf0\ud835\ude01\ud835\uddfc\ud835\ude00 \ud835\uddf2\ud835\uddfb \ud835\uddf9\ud835\uddfc\ud835\ude00 \ud835\udde0\ud835\ude02\ud835\uddfb\ud835\uddf6\ud835\uddf0\ud835\uddf6\ud835\uddfd\ud835\uddf6\ud835\uddfc\ud835\ude00 \ud835\uddf1\ud835\uddf2 \ud835\uddd4\ud835\uddf9\ud835\ude01\ud835\uddee \ud835\udde9\ud835\uddf2\ud835\uddff\ud835\uddee\ud835\uddfd\ud835\uddee\ud835\ude07, \ud835\uddfd\ud835\uddfc\ud835\uddff \ud835\uddfd\ud835\uddee\ud835\uddff\ud835\ude01\ud835\uddf2 \ud835\uddf1\ud835\uddf2\ud835\uddf9 [&hellip;]<\/p>\n","protected":false},"author":1,"featured_media":18259,"comment_status":"closed","ping_status":"open","sticky":false,"template":"","format":"gallery","meta":[],"categories":[194],"tags":[178],"_links":{"self":[{"href":"https:\/\/gobernacionaltaverapaz.gob.gt\/index.php?rest_route=\/wp\/v2\/posts\/18269"}],"collection":[{"href":"https:\/\/gobernacionaltaverapaz.gob.gt\/index.php?rest_route=\/wp\/v2\/posts"}],"about":[{"href":"https:\/\/gobernacionaltaverapaz.gob.gt\/index.php?rest_route=\/wp\/v2\/types\/post"}],"author":[{"embeddable":true,"href":"https:\/\/gobernacionaltaverapaz.gob.gt\/index.php?rest_route=\/wp\/v2\/users\/1"}],"replies":[{"embeddable":true,"href":"https:\/\/gobernacionaltaverapaz.gob.gt\/index.php?rest_route=%2Fwp%2Fv2%2Fcomments&post=18269"}],"version-history":[{"count":1,"href":"https:\/\/gobernacionaltaverapaz.gob.gt\/index.php?rest_route=\/wp\/v2\/posts\/18269\/revisions"}],"predecessor-version":[{"id":18270,"href":"https:\/\/gobernacionaltaverapaz.gob.gt\/index.php?rest_route=\/wp\/v2\/posts\/18269\/revisions\/18270"}],"wp:featuredmedia":[{"embeddable":true,"href":"https:\/\/gobernacionaltaverapaz.gob.gt\/index.php?rest_route=\/wp\/v2\/media\/18259"}],"wp:attachment":[{"href":"https:\/\/gobernacionaltaverapaz.gob.gt\/index.php?rest_route=%2Fwp%2Fv2%2Fmedia&parent=18269"}],"wp:term":[{"taxonomy":"category","embeddable":true,"href":"https:\/\/gobernacionaltaverapaz.gob.gt\/index.php?rest_route=%2Fwp%2Fv2%2Fcategories&post=18269"},{"taxonomy":"post_tag","embeddable":true,"href":"https:\/\/gobernacionaltaverapaz.gob.gt\/index.php?rest_route=%2Fwp%2Fv2%2Ftags&post=18269"}],"curies":[{"name":"wp","href":"https:\/\/api.w.org\/{rel}","templated":true}]}}