{"id":18291,"date":"2024-05-16T12:26:08","date_gmt":"2024-05-16T18:26:08","guid":{"rendered":"https:\/\/gobernacionaltaverapaz.gob.gt\/?p=18291"},"modified":"2024-05-22T11:46:36","modified_gmt":"2024-05-22T17:46:36","slug":"gobernadora-dilia-margarita-co-coy-ha-visitado-la-localidad-de-los-habitantes-de-la-aldea-queja","status":"publish","type":"post","link":"https:\/\/gobernacionaltaverapaz.gob.gt\/?p=18291","title":{"rendered":"Gobernadora Dilia Margarita C\u00f3 Coy ha visitado la localidad de los habitantes de la Aldea Quej\u00e1"},"content":{"rendered":"<div class=\"xdj266r x11i5rnm xat24cr x1mh8g0r x1vvkbs x126k92a\">\n<div dir=\"auto\" style=\"text-align: justify;\">Tras cuatro a\u00f1os de incertidumbre, los habitantes de la Aldea Quej\u00e1, en el municipio de San Crist\u00f3bal Verapaz, todav\u00eda aguardan respuestas sobre su futuro. En un hecho sin precedentes, la Gobernadora Dilia Margarita C\u00f3 Coy ha visitado la localidad, no solo para escuchar a los pobladores, sino tambi\u00e9n para entablar comunicaci\u00f3n en su lengua materna, el poqomchi.<\/div>\n<\/div>\n<div class=\"x11i5rnm xat24cr x1mh8g0r x1vvkbs xtlvy1s x126k92a\" style=\"text-align: justify;\">\n<div dir=\"auto\">La fatiga de la comunidad es palpable, especialmente en lo concerniente al destino de sus hijos, quienes enfrentan un arduo trayecto de dos horas hasta la escuela m\u00e1s cercana, ida y vuelta. Ante esta realidad, la Gobernadora se ha comprometido a emprender las gestiones necesarias para encontrar una soluci\u00f3n viable a esta problem\u00e1tica.<\/div>\n<\/div>\n<div class=\"x11i5rnm xat24cr x1mh8g0r x1vvkbs xtlvy1s x126k92a\">\n<div dir=\"auto\" style=\"text-align: justify;\">Durante la visita, se cont\u00f3 con la presencia de representantes del Observatorio Ciudadano de Derechos Humanos, un delegado de la Auxiliatura Departamental de la Procuradur\u00eda de los Derechos Humanos y un miembro de la Comisi\u00f3n Municipal de Reducci\u00f3n de Desastres (COMRED) de San Crist\u00f3bal Verapaz.<\/div>\n<div dir=\"auto\"><\/div>\n<\/div>\n<p>&nbsp;<\/p>\n<div><\/div>\n","protected":false},"excerpt":{"rendered":"<p>Tras cuatro a\u00f1os de incertidumbre, los habitantes de la Aldea Quej\u00e1, en el municipio de San Crist\u00f3bal Verapaz, todav\u00eda aguardan respuestas sobre su futuro. En un hecho sin precedentes, la Gobernadora Dilia Margarita C\u00f3 Coy ha visitado la localidad, no solo para escuchar a los pobladores, sino tambi\u00e9n para entablar comunicaci\u00f3n en su lengua materna, [&hellip;]<\/p>\n","protected":false},"author":1,"featured_media":18281,"comment_status":"closed","ping_status":"open","sticky":false,"template":"","format":"gallery","meta":[],"categories":[183],"tags":[178],"_links":{"self":[{"href":"https:\/\/gobernacionaltaverapaz.gob.gt\/index.php?rest_route=\/wp\/v2\/posts\/18291"}],"collection":[{"href":"https:\/\/gobernacionaltaverapaz.gob.gt\/index.php?rest_route=\/wp\/v2\/posts"}],"about":[{"href":"https:\/\/gobernacionaltaverapaz.gob.gt\/index.php?rest_route=\/wp\/v2\/types\/post"}],"author":[{"embeddable":true,"href":"https:\/\/gobernacionaltaverapaz.gob.gt\/index.php?rest_route=\/wp\/v2\/users\/1"}],"replies":[{"embeddable":true,"href":"https:\/\/gobernacionaltaverapaz.gob.gt\/index.php?rest_route=%2Fwp%2Fv2%2Fcomments&post=18291"}],"version-history":[{"count":1,"href":"https:\/\/gobernacionaltaverapaz.gob.gt\/index.php?rest_route=\/wp\/v2\/posts\/18291\/revisions"}],"predecessor-version":[{"id":18292,"href":"https:\/\/gobernacionaltaverapaz.gob.gt\/index.php?rest_route=\/wp\/v2\/posts\/18291\/revisions\/18292"}],"wp:featuredmedia":[{"embeddable":true,"href":"https:\/\/gobernacionaltaverapaz.gob.gt\/index.php?rest_route=\/wp\/v2\/media\/18281"}],"wp:attachment":[{"href":"https:\/\/gobernacionaltaverapaz.gob.gt\/index.php?rest_route=%2Fwp%2Fv2%2Fmedia&parent=18291"}],"wp:term":[{"taxonomy":"category","embeddable":true,"href":"https:\/\/gobernacionaltaverapaz.gob.gt\/index.php?rest_route=%2Fwp%2Fv2%2Fcategories&post=18291"},{"taxonomy":"post_tag","embeddable":true,"href":"https:\/\/gobernacionaltaverapaz.gob.gt\/index.php?rest_route=%2Fwp%2Fv2%2Ftags&post=18291"}],"curies":[{"name":"wp","href":"https:\/\/api.w.org\/{rel}","templated":true}]}}