{"id":18304,"date":"2024-05-16T12:55:25","date_gmt":"2024-05-16T18:55:25","guid":{"rendered":"https:\/\/gobernacionaltaverapaz.gob.gt\/?p=18304"},"modified":"2024-05-31T16:33:26","modified_gmt":"2024-05-31T22:33:26","slug":"desde-el-primer-dia-de-gestion-de-la-gobernadora-lcda-dilia-margarita-co-coy-se-notifico-la-disponibilidad-de-firmar-un-paquete-de-convenios","status":"publish","type":"post","link":"https:\/\/gobernacionaltaverapaz.gob.gt\/?p=18304","title":{"rendered":"Gobernadora Lcda. Dilia Margarita C\u00f3 Coy, se notific\u00f3 la disponibilidad de firmas de convenios"},"content":{"rendered":"<div class=\"xdj266r x11i5rnm xat24cr x1mh8g0r x1vvkbs x126k92a\" style=\"text-align: justify;\">\n<div dir=\"auto\">La inversi\u00f3n para el a\u00f1o 2024 en Alta Verapaz est\u00e1 por iniciar, marcando un paso importante tras un minucioso an\u00e1lisis t\u00e9cnico y legal de los expedientes, que culmin\u00f3 con la firma de los Convenios.<\/div>\n<\/div>\n<div class=\"x11i5rnm xat24cr x1mh8g0r x1vvkbs xtlvy1s x126k92a\" style=\"text-align: justify;\">\n<div dir=\"auto\">Desde el primer d\u00eda de gesti\u00f3n de la Gobernadora Lcda. Dilia Margarita C\u00f3 Coy, se notific\u00f3 la disponibilidad de firmar un paquete de convenios.<\/div>\n<\/div>\n<div class=\"x11i5rnm xat24cr x1mh8g0r x1vvkbs xtlvy1s x126k92a\" style=\"text-align: justify;\">\n<div dir=\"auto\">Se inici\u00f3 el correspondiente proceso de revisi\u00f3n exhaustiva por un equipo multidisciplinario el cual revel\u00f3 algunas inconsistencias, instando a las Direcciones Municipales de Planificaci\u00f3n a realizar las correcciones correspondientes.<\/div>\n<\/div>\n<div class=\"x11i5rnm xat24cr x1mh8g0r x1vvkbs xtlvy1s x126k92a\" style=\"text-align: justify;\">\n<div dir=\"auto\">Luego, se procedi\u00f3 con un an\u00e1lisis jur\u00eddico detallado de los convenios, con el objetivo de establecer un marco legal claro. Este paso crucial garantiza el cumplimiento de los proyectos dentro de los plazos establecidos, asegurando su desarrollo sin obst\u00e1culos.<\/div>\n<\/div>\n<div class=\"x11i5rnm xat24cr x1mh8g0r x1vvkbs xtlvy1s x126k92a\" style=\"text-align: justify;\">\n<div dir=\"auto\">El monto total de inversi\u00f3n de los convenios firmados asciende a Q53,986,493, de los cuales Q41,580,585.48 corresponden a fondos del CODEDE y Q12,405,907.52 inversi\u00f3n que realizar\u00e1n las municipalidades.<\/div>\n<\/div>\n<div class=\"x11i5rnm xat24cr x1mh8g0r x1vvkbs xtlvy1s x126k92a\" style=\"text-align: justify;\">\n<div dir=\"auto\">La siguiente etapa en este proceso implica la publicaci\u00f3n de los convenios en la plataforma Guatecompras, permitiendo a las empresas constructoras presentar sus ofertas. Posteriormente, la Junta de Licitaci\u00f3n evaluar\u00e1 objetivamente las propuestas, seleccionando aquella que garantice una ejecuci\u00f3n eficiente del proyecto en beneficio de la poblaci\u00f3n.<\/div>\n<\/div>\n<div class=\"x11i5rnm xat24cr x1mh8g0r x1vvkbs xtlvy1s x126k92a\">\n<div dir=\"auto\" style=\"text-align: justify;\">El equipo interinstitucional encabezado por la Gobernadora Dilia Margarita C\u00f3 Coy en su calidad de Presidente del CODEDEAV; Orlando Flores, Delegado Departamental de SEGEPLAN en su calidad de Secretario; Fidel Ponce, en la Direcci\u00f3n del <span class=\"html-span xdj266r x11i5rnm xat24cr x1mh8g0r xexx8yu x4uap5 x18d9i69 xkhd6sd x1hl2dhg x16tdsg8 x1vvkbs\"><a class=\"x1i10hfl xjbqb8w x1ejq31n xd10rxx x1sy0etr x17r0tee x972fbf xcfux6l x1qhh985 xm0m39n x9f619 x1ypdohk xt0psk2 xe8uvvx xdj266r x11i5rnm xat24cr x1mh8g0r xexx8yu x4uap5 x18d9i69 xkhd6sd x16tdsg8 x1hl2dhg xggy1nq x1a2a7pz x1sur9pj xkrqix3 x1fey0fg xo1l8bm\" tabindex=\"0\" role=\"link\" href=\"https:\/\/www.facebook.com\/codede.av?__cft__[0]=AZVFKX55LyWyFdEGfxCZtP7myablkyRfAu_CQNNccCaJsS_O4KkaL4eqWHFQSYZHabMZbul7TgvT3YjhB-1U4PCuyv8I-pQq_XqNi4RiCyVqDjGXHwwhKrm1B1eDJxqkbfR8W08lxPZcx4SWb5hNkWHwnVXvKuek3EOIdxQvdspLis8SSMr9eORHxA_1Q_UIU3s1xRYCVwwsLfS9ghLfiaG_&amp;__tn__=-]K-R\"><span class=\"xt0psk2\">Codede AV<\/span><\/a><\/span>; y Marvin G\u00f3mez, Presidente del <span class=\"html-span xdj266r x11i5rnm xat24cr x1mh8g0r xexx8yu x4uap5 x18d9i69 xkhd6sd x1hl2dhg x16tdsg8 x1vvkbs\"><a class=\"x1i10hfl xjbqb8w x1ejq31n xd10rxx x1sy0etr x17r0tee x972fbf xcfux6l x1qhh985 xm0m39n x9f619 x1ypdohk xt0psk2 xe8uvvx xdj266r x11i5rnm xat24cr x1mh8g0r xexx8yu x4uap5 x18d9i69 xkhd6sd x16tdsg8 x1hl2dhg xggy1nq x1a2a7pz x1sur9pj xkrqix3 x1fey0fg xo1l8bm\" tabindex=\"0\" role=\"link\" href=\"https:\/\/www.facebook.com\/COREDUR.Norte?__cft__[0]=AZVFKX55LyWyFdEGfxCZtP7myablkyRfAu_CQNNccCaJsS_O4KkaL4eqWHFQSYZHabMZbul7TgvT3YjhB-1U4PCuyv8I-pQq_XqNi4RiCyVqDjGXHwwhKrm1B1eDJxqkbfR8W08lxPZcx4SWb5hNkWHwnVXvKuek3EOIdxQvdspLis8SSMr9eORHxA_1Q_UIU3s1xRYCVwwsLfS9ghLfiaG_&amp;__tn__=-]K-R\"><span class=\"xt0psk2\">Coredur Regi\u00f3n Norte<\/span><\/a><\/span>, est\u00e1 comprometido en el mandato presidencial para modernizar el Estado, optimizando los procesos administrativos y supervisando la ejecuci\u00f3n de los proyectos para asegurar su \u00e9xito.<\/div>\n<\/div>\n<p>&nbsp;<\/p>\n<div><\/div>\n<p>&nbsp;<\/p>\n<p><a href=\"https:\/\/www.facebook.com\/photo\/?fbid=865729195595293&amp;set=pcb.865729378928608\"><img decoding=\"async\" loading=\"lazy\" class=\"alignnone wp-image-18305 size-full\" title=\"Ver galer\u00eda en Facebook\" src=\"https:\/\/gobernacionaltaverapaz.gob.gt\/wp-content\/uploads\/2024\/05\/galeria.jpg\" alt=\"\" width=\"215\" height=\"71\" \/><\/a><\/p>\n","protected":false},"excerpt":{"rendered":"<p>La inversi\u00f3n para el a\u00f1o 2024 en Alta Verapaz est\u00e1 por iniciar, marcando un paso importante tras un minucioso an\u00e1lisis t\u00e9cnico y legal de los expedientes, que culmin\u00f3 con la firma de los Convenios. Desde el primer d\u00eda de gesti\u00f3n de la Gobernadora Lcda. Dilia Margarita C\u00f3 Coy, se notific\u00f3 la disponibilidad de firmar un [&hellip;]<\/p>\n","protected":false},"author":1,"featured_media":18294,"comment_status":"closed","ping_status":"open","sticky":false,"template":"","format":"gallery","meta":[],"categories":[183],"tags":[178],"_links":{"self":[{"href":"https:\/\/gobernacionaltaverapaz.gob.gt\/index.php?rest_route=\/wp\/v2\/posts\/18304"}],"collection":[{"href":"https:\/\/gobernacionaltaverapaz.gob.gt\/index.php?rest_route=\/wp\/v2\/posts"}],"about":[{"href":"https:\/\/gobernacionaltaverapaz.gob.gt\/index.php?rest_route=\/wp\/v2\/types\/post"}],"author":[{"embeddable":true,"href":"https:\/\/gobernacionaltaverapaz.gob.gt\/index.php?rest_route=\/wp\/v2\/users\/1"}],"replies":[{"embeddable":true,"href":"https:\/\/gobernacionaltaverapaz.gob.gt\/index.php?rest_route=%2Fwp%2Fv2%2Fcomments&post=18304"}],"version-history":[{"count":4,"href":"https:\/\/gobernacionaltaverapaz.gob.gt\/index.php?rest_route=\/wp\/v2\/posts\/18304\/revisions"}],"predecessor-version":[{"id":18309,"href":"https:\/\/gobernacionaltaverapaz.gob.gt\/index.php?rest_route=\/wp\/v2\/posts\/18304\/revisions\/18309"}],"wp:featuredmedia":[{"embeddable":true,"href":"https:\/\/gobernacionaltaverapaz.gob.gt\/index.php?rest_route=\/wp\/v2\/media\/18294"}],"wp:attachment":[{"href":"https:\/\/gobernacionaltaverapaz.gob.gt\/index.php?rest_route=%2Fwp%2Fv2%2Fmedia&parent=18304"}],"wp:term":[{"taxonomy":"category","embeddable":true,"href":"https:\/\/gobernacionaltaverapaz.gob.gt\/index.php?rest_route=%2Fwp%2Fv2%2Fcategories&post=18304"},{"taxonomy":"post_tag","embeddable":true,"href":"https:\/\/gobernacionaltaverapaz.gob.gt\/index.php?rest_route=%2Fwp%2Fv2%2Ftags&post=18304"}],"curies":[{"name":"wp","href":"https:\/\/api.w.org\/{rel}","templated":true}]}}