{"id":18320,"date":"2024-05-16T15:03:26","date_gmt":"2024-05-16T21:03:26","guid":{"rendered":"https:\/\/gobernacionaltaverapaz.gob.gt\/?p=18320"},"modified":"2024-05-31T16:48:32","modified_gmt":"2024-05-31T22:48:32","slug":"gobernadora-dilia-margarita-co-coy-se-reunio-con-los-representantes-de-cardegua","status":"publish","type":"post","link":"https:\/\/gobernacionaltaverapaz.gob.gt\/?p=18320","title":{"rendered":"Gobernadora Dilia Margarita C\u00f3 Coy se reuni\u00f3 con los representantes de CARDEGUA"},"content":{"rendered":"<div class=\"xdj266r x11i5rnm xat24cr x1mh8g0r x1vvkbs x126k92a\">\n<div dir=\"auto\" style=\"text-align: justify;\">La tarde del 15 de Mayo, la Gobernadora Dilia Margarita C\u00f3 Coy se reuni\u00f3 con los representantes de CARDEGUA (Asociaci\u00f3n de Cardamomeros de Guatemala) quienes solicitaron un espacio para presentarle sus preocupaciones respecto al fuerte impacto que las condiciones clim\u00e1ticas han causado en las cosechas del departamento de Alta Verapaz y algunas regiones vecinas.<\/div>\n<\/div>\n<div class=\"x11i5rnm xat24cr x1mh8g0r x1vvkbs xtlvy1s x126k92a\" style=\"text-align: justify;\">\n<div dir=\"auto\">Los se\u00f1ores Ovidio Fern\u00e1ndez, Edgar Morataya, Donald Molina y William Meza manifestaron distintos puntos de vista respecto a la problem\u00e1tica que repercute en la econom\u00eda de miles de familias altaverapacenses que han encontrado en el cultivo del cardamomo una alternativa para cubrir sus necesidades.<\/div>\n<\/div>\n<div class=\"x11i5rnm xat24cr x1mh8g0r x1vvkbs xtlvy1s x126k92a\" style=\"text-align: justify;\">\n<div dir=\"auto\">Luego de analizar los escenarios actuales, las proyecciones de merma en la cosecha, posibles alternativas y soluciones, ambas partes acordaron una pr\u00f3xima reuni\u00f3n para concretar algunas acciones que ayuden a mitigar las proyecciones de da\u00f1os para finales de 2024 y principios de 2025.<\/div>\n<\/div>\n<div class=\"x11i5rnm xat24cr x1mh8g0r x1vvkbs xtlvy1s x126k92a\">\n<div dir=\"auto\" style=\"text-align: justify;\">En su rol de articuladora entre alcald\u00edas, instituciones gubernamentales y organizaciones no gubernamentales como CARDEGUA, la gobernadora manifest\u00f3 su inter\u00e9s en que el trabajo multidisciplinario e interinstitucional es clave para el desarrollo del departamento.<\/div>\n<\/div>\n<p>&nbsp;<\/p>\n<p>&nbsp;<\/p>\n<div><\/div>\n","protected":false},"excerpt":{"rendered":"<p>La tarde del 15 de Mayo, la Gobernadora Dilia Margarita C\u00f3 Coy se reuni\u00f3 con los representantes de CARDEGUA (Asociaci\u00f3n de Cardamomeros de Guatemala) quienes solicitaron un espacio para presentarle sus preocupaciones respecto al fuerte impacto que las condiciones clim\u00e1ticas han causado en las cosechas del departamento de Alta Verapaz y algunas regiones vecinas. Los [&hellip;]<\/p>\n","protected":false},"author":1,"featured_media":18310,"comment_status":"closed","ping_status":"open","sticky":false,"template":"","format":"gallery","meta":[],"categories":[194],"tags":[178],"_links":{"self":[{"href":"https:\/\/gobernacionaltaverapaz.gob.gt\/index.php?rest_route=\/wp\/v2\/posts\/18320"}],"collection":[{"href":"https:\/\/gobernacionaltaverapaz.gob.gt\/index.php?rest_route=\/wp\/v2\/posts"}],"about":[{"href":"https:\/\/gobernacionaltaverapaz.gob.gt\/index.php?rest_route=\/wp\/v2\/types\/post"}],"author":[{"embeddable":true,"href":"https:\/\/gobernacionaltaverapaz.gob.gt\/index.php?rest_route=\/wp\/v2\/users\/1"}],"replies":[{"embeddable":true,"href":"https:\/\/gobernacionaltaverapaz.gob.gt\/index.php?rest_route=%2Fwp%2Fv2%2Fcomments&post=18320"}],"version-history":[{"count":1,"href":"https:\/\/gobernacionaltaverapaz.gob.gt\/index.php?rest_route=\/wp\/v2\/posts\/18320\/revisions"}],"predecessor-version":[{"id":18321,"href":"https:\/\/gobernacionaltaverapaz.gob.gt\/index.php?rest_route=\/wp\/v2\/posts\/18320\/revisions\/18321"}],"wp:featuredmedia":[{"embeddable":true,"href":"https:\/\/gobernacionaltaverapaz.gob.gt\/index.php?rest_route=\/wp\/v2\/media\/18310"}],"wp:attachment":[{"href":"https:\/\/gobernacionaltaverapaz.gob.gt\/index.php?rest_route=%2Fwp%2Fv2%2Fmedia&parent=18320"}],"wp:term":[{"taxonomy":"category","embeddable":true,"href":"https:\/\/gobernacionaltaverapaz.gob.gt\/index.php?rest_route=%2Fwp%2Fv2%2Fcategories&post=18320"},{"taxonomy":"post_tag","embeddable":true,"href":"https:\/\/gobernacionaltaverapaz.gob.gt\/index.php?rest_route=%2Fwp%2Fv2%2Ftags&post=18320"}],"curies":[{"name":"wp","href":"https:\/\/api.w.org\/{rel}","templated":true}]}}