{"id":18333,"date":"2024-05-17T18:05:54","date_gmt":"2024-05-18T00:05:54","guid":{"rendered":"https:\/\/gobernacionaltaverapaz.gob.gt\/?p=18333"},"modified":"2024-05-31T17:00:51","modified_gmt":"2024-05-31T23:00:51","slug":"dia-internacional-de-los-museos","status":"publish","type":"post","link":"https:\/\/gobernacionaltaverapaz.gob.gt\/?p=18333","title":{"rendered":"D\u00eda Internacional de los Museos"},"content":{"rendered":"<div class=\"html-div xe8uvvx xdj266r x11i5rnm xat24cr x1mh8g0r xexx8yu x4uap5 x18d9i69 xkhd6sd\" dir=\"auto\">\n<div id=\":r1e3:\" class=\"x1iorvi4 x1pi30zi x1l90r2v x1swvt13\" data-ad-comet-preview=\"message\" data-ad-preview=\"message\">\n<div class=\"x78zum5 xdt5ytf xz62fqu x16ldp7u\">\n<div class=\"xu06os2 x1ok221b\">\n<div class=\"xdj266r x11i5rnm xat24cr x1mh8g0r x1vvkbs x126k92a\">\n<div dir=\"auto\" style=\"text-align: justify;\">Hoy viernes 17 de Mayo Celebramos el d\u00eda Internacional de los MUSEOS. Por el Dr Fredy Leonel Archila Morales, el d\u00eda de hoy nos comparti\u00f3 una exposici\u00f3n sobre muestras bot\u00e1nicas y sus investigaciones en todo el mundo.<\/div>\n<\/div>\n<div class=\"x11i5rnm xat24cr x1mh8g0r x1vvkbs xtlvy1s x126k92a\" style=\"text-align: justify;\">\n<div dir=\"auto\">-Ganador de la m\u00e1xima condecoraci\u00f3n del ministerio de cultura, ganader\u00eda y alimentaci\u00f3n, por la contribuci\u00f3n del desarrollo de Guatemala.<\/div>\n<div dir=\"auto\">-Ganador de la medalla presidencial del Medio Ambiente.<\/div>\n<div dir=\"auto\">-Ganador de la m\u00e1xima orden del Quetzal.<\/div>\n<\/div>\n<div class=\"x11i5rnm xat24cr x1mh8g0r x1vvkbs xtlvy1s x126k92a\" style=\"text-align: justify;\">\n<div dir=\"auto\">Les invitamos a visitar el museo y sumergirse en el conocimiento y las maravillas que ofrece. Es un espacio para todos, un lugar en donde cada visitante puede encontrar inspiraci\u00f3n y aprender m\u00e1s sobre nuestro pueblo.<\/div>\n<\/div>\n<div class=\"x11i5rnm xat24cr x1mh8g0r x1vvkbs xtlvy1s x126k92a\" style=\"text-align: justify;\">\n<div dir=\"auto\">Aprovechemos este D\u00eda Internacional de los Museos para celebrar nuestra cultura, valorar nuestro pasado y comprometernos con un futuro lleno de conocimientos y descubrimientos. Juntos podemos seguir construyendo un Guatemala orgulloso de su historia y sus h\u00e9roes.<\/div>\n<\/div>\n<div class=\"x11i5rnm xat24cr x1mh8g0r x1vvkbs xtlvy1s x126k92a\">\n<div dir=\"auto\" style=\"text-align: justify;\">\u00a1Esperamos su visita al museo de historia!<\/div>\n<div dir=\"auto\" style=\"text-align: justify;\">Horarios de lunes a viernes de 8:00 Am a 5:00 Pm<\/div>\n<div dir=\"auto\" style=\"text-align: justify;\">S\u00e1bados de 2:00 Pm a 4:00 Pm<\/div>\n<div dir=\"auto\" style=\"text-align: justify;\">Ubicaci\u00f3n <span class=\"html-span xexx8yu x4uap5 x18d9i69 xkhd6sd x1hl2dhg x16tdsg8 x1vvkbs x3nfvp2 x1j61x8r x1fcty0u xdj266r xhhsvwb xat24cr xgzva0m xxymvpz xlup9mm x1kky2od\"><img decoding=\"async\" loading=\"lazy\" class=\"xz74otr\" src=\"https:\/\/static.xx.fbcdn.net\/images\/emoji.php\/v9\/t2d\/1\/16\/1f4cd.png\" alt=\"\ud83d\udccd\" width=\"16\" height=\"16\" \/><\/span><\/div>\n<div dir=\"auto\" style=\"text-align: justify;\">FJCG+27M Museo de Historia, Cob\u00e1n<\/div>\n<\/div>\n<\/div>\n<\/div>\n<\/div>\n<\/div>\n<p>&nbsp;<\/p>\n<p>&nbsp;<\/p>\n<p>&nbsp;<\/p>\n<div><\/div>\n<p>&nbsp;<\/p>\n<p>&nbsp;<\/p>\n<p>&nbsp;<\/p>\n<div><a href=\"https:\/\/www.facebook.com\/photo\/?fbid=866986368802909&amp;set=pcb.866986492136230\"><img decoding=\"async\" loading=\"lazy\" class=\"alignnone wp-image-18305 size-full\" title=\"Ver galer\u00eda en Facebook\" src=\"https:\/\/gobernacionaltaverapaz.gob.gt\/wp-content\/uploads\/2024\/05\/galeria.jpg\" alt=\"\" width=\"215\" height=\"71\" \/><\/a><\/div>\n","protected":false},"excerpt":{"rendered":"<p>Hoy viernes 17 de Mayo Celebramos el d\u00eda Internacional de los MUSEOS. Por el Dr Fredy Leonel Archila Morales, el d\u00eda de hoy nos comparti\u00f3 una exposici\u00f3n sobre muestras bot\u00e1nicas y sus investigaciones en todo el mundo. -Ganador de la m\u00e1xima condecoraci\u00f3n del ministerio de cultura, ganader\u00eda y alimentaci\u00f3n, por la contribuci\u00f3n del desarrollo de [&hellip;]<\/p>\n","protected":false},"author":1,"featured_media":18334,"comment_status":"closed","ping_status":"open","sticky":false,"template":"","format":"gallery","meta":[],"categories":[183],"tags":[178],"_links":{"self":[{"href":"https:\/\/gobernacionaltaverapaz.gob.gt\/index.php?rest_route=\/wp\/v2\/posts\/18333"}],"collection":[{"href":"https:\/\/gobernacionaltaverapaz.gob.gt\/index.php?rest_route=\/wp\/v2\/posts"}],"about":[{"href":"https:\/\/gobernacionaltaverapaz.gob.gt\/index.php?rest_route=\/wp\/v2\/types\/post"}],"author":[{"embeddable":true,"href":"https:\/\/gobernacionaltaverapaz.gob.gt\/index.php?rest_route=\/wp\/v2\/users\/1"}],"replies":[{"embeddable":true,"href":"https:\/\/gobernacionaltaverapaz.gob.gt\/index.php?rest_route=%2Fwp%2Fv2%2Fcomments&post=18333"}],"version-history":[{"count":1,"href":"https:\/\/gobernacionaltaverapaz.gob.gt\/index.php?rest_route=\/wp\/v2\/posts\/18333\/revisions"}],"predecessor-version":[{"id":18335,"href":"https:\/\/gobernacionaltaverapaz.gob.gt\/index.php?rest_route=\/wp\/v2\/posts\/18333\/revisions\/18335"}],"wp:featuredmedia":[{"embeddable":true,"href":"https:\/\/gobernacionaltaverapaz.gob.gt\/index.php?rest_route=\/wp\/v2\/media\/18334"}],"wp:attachment":[{"href":"https:\/\/gobernacionaltaverapaz.gob.gt\/index.php?rest_route=%2Fwp%2Fv2%2Fmedia&parent=18333"}],"wp:term":[{"taxonomy":"category","embeddable":true,"href":"https:\/\/gobernacionaltaverapaz.gob.gt\/index.php?rest_route=%2Fwp%2Fv2%2Fcategories&post=18333"},{"taxonomy":"post_tag","embeddable":true,"href":"https:\/\/gobernacionaltaverapaz.gob.gt\/index.php?rest_route=%2Fwp%2Fv2%2Ftags&post=18333"}],"curies":[{"name":"wp","href":"https:\/\/api.w.org\/{rel}","templated":true}]}}