{"id":18352,"date":"2024-05-19T09:41:16","date_gmt":"2024-05-19T15:41:16","guid":{"rendered":"https:\/\/gobernacionaltaverapaz.gob.gt\/?p=18352"},"modified":"2024-06-13T16:42:20","modified_gmt":"2024-06-13T22:42:20","slug":"estado-de-los-incendios-en-alta-verapaz","status":"publish","type":"post","link":"https:\/\/gobernacionaltaverapaz.gob.gt\/?p=18352","title":{"rendered":"Estado de los incendios en Alta Verapaz"},"content":{"rendered":"<div class=\"x11i5rnm xat24cr x1mh8g0r x1vvkbs xtlvy1s x126k92a\">\n<div dir=\"auto\" style=\"text-align: justify;\">Ya son varios d\u00edas de acciones del CODRED en respuesta a los incendios forestales y no forestales que est\u00e1n afectando el departamento de Alta Verapaz.<\/div>\n<\/div>\n<div class=\"x11i5rnm xat24cr x1mh8g0r x1vvkbs xtlvy1s x126k92a\" style=\"text-align: justify;\">\n<div dir=\"auto\">El d\u00eda jueves 16 comenzaron a identificarse los nuevos puntos de calor, SE-CONRED no ha parado de trabajar en coordinaci\u00f3n con las Municipalidades, el Ministerio de la Defensa diversas instituciones Estatales como CONAP, INAB, MARN, con el sector privado y comunitarios en la contenci\u00f3n y mitigaci\u00f3n de los incendios.<\/div>\n<\/div>\n<div class=\"x11i5rnm xat24cr x1mh8g0r x1vvkbs xtlvy1s x126k92a\" style=\"text-align: justify;\">\n<div dir=\"auto\">La gobernadora Dilia Margarita C\u00f3 Coy, realiz\u00f3 las gestiones ante el Ministerio de la Defensa para que la Fuerza A\u00e9rea pusiera a disposici\u00f3n un helic\u00f3ptero para combatir desde el aire. Sin embargo debido al estado del tiempo y que por causa del humo se ha cerrado provocando escasa visibilidad en el departamento, impidiendo operar desde el aire.<\/div>\n<\/div>\n<div class=\"x11i5rnm xat24cr x1mh8g0r x1vvkbs xtlvy1s x126k92a\" style=\"text-align: justify;\">\n<div dir=\"auto\">Al d\u00eda de hoy domingo 19 de mayo y gracias a las lluvias de ayer s\u00e1bado por la tarde algunos incendios se han controlado pero en algunos lugares han surgido nuevos.<\/div>\n<\/div>\n<div class=\"x11i5rnm xat24cr x1mh8g0r x1vvkbs xtlvy1s x126k92a\" style=\"text-align: justify;\">\n<div dir=\"auto\">Se est\u00e1n coordinando acciones con DIPRONA para deducir acciones penales en contra de quienes por descuido o mala intenci\u00f3n han provocado estos incendios que est\u00e1n acabando con la fauna, la flora y afectan la econom\u00eda del Estado.<\/div>\n<\/div>\n<div class=\"x11i5rnm xat24cr x1mh8g0r x1vvkbs xtlvy1s x126k92a\" style=\"text-align: justify;\">\n<div dir=\"auto\">Mitigar un incendio requiere una enorme log\u00edstica que implica gastos en movimiento de recursos humanos y materiales, alimentaci\u00f3n de brigadas oficiales y voluntarios, combustible, acondicionamiento de albergues, traslado de veh\u00edculos como cisternas y motobombas, herramientas, etc.<\/div>\n<\/div>\n<div class=\"x11i5rnm xat24cr x1mh8g0r x1vvkbs xtlvy1s x126k92a\">\n<div dir=\"auto\" style=\"text-align: justify;\">El helic\u00f3ptero est\u00e1 en apresto, esperando que las condiciones del clima cambien y que mejore la visibilidad.<\/div>\n<\/div>\n<p>&nbsp;<\/p>\n<div><\/div>\n<p>&nbsp;<\/p>\n<p>&nbsp;<\/p>\n<p><a href=\"https:\/\/www.facebook.com\/photo\/?fbid=868232378678308&amp;set=pcb.868233055344907\"><img decoding=\"async\" loading=\"lazy\" class=\"alignnone wp-image-18305 size-full\" title=\"Ver galer\u00eda en Facebook\" src=\"https:\/\/gobernacionaltaverapaz.gob.gt\/wp-content\/uploads\/2024\/05\/galeria.jpg\" alt=\"\" width=\"215\" height=\"71\" \/><\/a><\/p>\n","protected":false},"excerpt":{"rendered":"<p>Ya son varios d\u00edas de acciones del CODRED en respuesta a los incendios forestales y no forestales que est\u00e1n afectando el departamento de Alta Verapaz. El d\u00eda jueves 16 comenzaron a identificarse los nuevos puntos de calor, SE-CONRED no ha parado de trabajar en coordinaci\u00f3n con las Municipalidades, el Ministerio de la Defensa diversas instituciones [&hellip;]<\/p>\n","protected":false},"author":1,"featured_media":18341,"comment_status":"closed","ping_status":"open","sticky":false,"template":"","format":"gallery","meta":[],"categories":[6],"tags":[178],"_links":{"self":[{"href":"https:\/\/gobernacionaltaverapaz.gob.gt\/index.php?rest_route=\/wp\/v2\/posts\/18352"}],"collection":[{"href":"https:\/\/gobernacionaltaverapaz.gob.gt\/index.php?rest_route=\/wp\/v2\/posts"}],"about":[{"href":"https:\/\/gobernacionaltaverapaz.gob.gt\/index.php?rest_route=\/wp\/v2\/types\/post"}],"author":[{"embeddable":true,"href":"https:\/\/gobernacionaltaverapaz.gob.gt\/index.php?rest_route=\/wp\/v2\/users\/1"}],"replies":[{"embeddable":true,"href":"https:\/\/gobernacionaltaverapaz.gob.gt\/index.php?rest_route=%2Fwp%2Fv2%2Fcomments&post=18352"}],"version-history":[{"count":1,"href":"https:\/\/gobernacionaltaverapaz.gob.gt\/index.php?rest_route=\/wp\/v2\/posts\/18352\/revisions"}],"predecessor-version":[{"id":18353,"href":"https:\/\/gobernacionaltaverapaz.gob.gt\/index.php?rest_route=\/wp\/v2\/posts\/18352\/revisions\/18353"}],"wp:featuredmedia":[{"embeddable":true,"href":"https:\/\/gobernacionaltaverapaz.gob.gt\/index.php?rest_route=\/wp\/v2\/media\/18341"}],"wp:attachment":[{"href":"https:\/\/gobernacionaltaverapaz.gob.gt\/index.php?rest_route=%2Fwp%2Fv2%2Fmedia&parent=18352"}],"wp:term":[{"taxonomy":"category","embeddable":true,"href":"https:\/\/gobernacionaltaverapaz.gob.gt\/index.php?rest_route=%2Fwp%2Fv2%2Fcategories&post=18352"},{"taxonomy":"post_tag","embeddable":true,"href":"https:\/\/gobernacionaltaverapaz.gob.gt\/index.php?rest_route=%2Fwp%2Fv2%2Ftags&post=18352"}],"curies":[{"name":"wp","href":"https:\/\/api.w.org\/{rel}","templated":true}]}}