{"id":18363,"date":"2024-05-20T11:28:43","date_gmt":"2024-05-20T17:28:43","guid":{"rendered":"https:\/\/gobernacionaltaverapaz.gob.gt\/?p=18363"},"modified":"2024-06-14T09:27:21","modified_gmt":"2024-06-14T15:27:21","slug":"reunion-para-el-cumplimiento-de-sus-funciones","status":"publish","type":"post","link":"https:\/\/gobernacionaltaverapaz.gob.gt\/?p=18363","title":{"rendered":"Reuni\u00f3n para el cumplimiento de sus funciones"},"content":{"rendered":"<div class=\"xdj266r x11i5rnm xat24cr x1mh8g0r x1vvkbs x126k92a\">\n<div dir=\"auto\" style=\"text-align: justify;\">Como lo establece el Art\u00edculo 37 del Reglamento de la Ley de Consejos de Desarrollo Urbano y Rural, para el cumplimiento de sus funciones, el Consejo Departamental de Desarrollo tendr\u00e1 los \u00f3rganos siguientes:<\/div>\n<\/div>\n<div class=\"x11i5rnm xat24cr x1mh8g0r x1vvkbs xtlvy1s x126k92a\" style=\"text-align: justify;\">\n<div dir=\"auto\"><span class=\"html-span xexx8yu x4uap5 x18d9i69 xkhd6sd x1hl2dhg x16tdsg8 x1vvkbs x3nfvp2 x1j61x8r x1fcty0u xdj266r xat24cr xgzva0m xhhsvwb xxymvpz xlup9mm x1kky2od\"><img decoding=\"async\" loading=\"lazy\" class=\"xz74otr\" src=\"https:\/\/static.xx.fbcdn.net\/images\/emoji.php\/v9\/t33\/1\/16\/2705.png\" alt=\"\u2705\" width=\"16\" height=\"16\" \/><\/span> \ud835\udde3\ud835\uddff\ud835\uddf2\ud835\ude00\ud835\uddf6\ud835\uddf1\ud835\uddf2\ud835\uddfb\ud835\uddf0\ud835\uddf6\ud835\uddee-\ud835\uddd6\ud835\uddfc\ud835\uddfc\ud835\uddff\ud835\uddf1\ud835\uddf6\ud835\uddfb\ud835\uddee\ud835\uddf0\ud835\uddf6\ud835\uddfc\u0301\ud835\uddfb. Rol a cargo de la Gobernadora Departamental Dilia Margarita C\u00f3 Coy<\/div>\n<div dir=\"auto\"><span class=\"html-span xexx8yu x4uap5 x18d9i69 xkhd6sd x1hl2dhg x16tdsg8 x1vvkbs x3nfvp2 x1j61x8r x1fcty0u xdj266r xat24cr xgzva0m xhhsvwb xxymvpz xlup9mm x1kky2od\"><img decoding=\"async\" loading=\"lazy\" class=\"xz74otr\" src=\"https:\/\/static.xx.fbcdn.net\/images\/emoji.php\/v9\/t33\/1\/16\/2705.png\" alt=\"\u2705\" width=\"16\" height=\"16\" \/><\/span> \ud835\udde6\ud835\uddf2\ud835\uddf0\ud835\uddff\ud835\uddf2\ud835\ude01\ud835\uddee\ud835\uddff\ud835\uddf6\u0301\ud835\uddee. A cargo del Delegado Departamental de SEGEPLAN Orlando Flores<\/div>\n<div dir=\"auto\"><span class=\"html-span xexx8yu x4uap5 x18d9i69 xkhd6sd x1hl2dhg x16tdsg8 x1vvkbs x3nfvp2 x1j61x8r x1fcty0u xdj266r xat24cr xgzva0m xhhsvwb xxymvpz xlup9mm x1kky2od\"><img decoding=\"async\" loading=\"lazy\" class=\"xz74otr\" src=\"https:\/\/static.xx.fbcdn.net\/images\/emoji.php\/v9\/t33\/1\/16\/2705.png\" alt=\"\u2705\" width=\"16\" height=\"16\" \/><\/span> \ud835\uddd6\ud835\uddfc\ud835\uddfa\ud835\uddf6\ud835\ude00\ud835\uddf6\ud835\uddfc\ud835\uddfb\ud835\uddf2\ud835\ude00 \ud835\uddf1\ud835\uddf2 \ud835\udde7\ud835\uddff\ud835\uddee\ud835\uddef\ud835\uddee\ud835\uddf7\ud835\uddfc. Integradas por diferentes entes del CODEDE<\/div>\n<div dir=\"auto\"><span class=\"html-span xexx8yu x4uap5 x18d9i69 xkhd6sd x1hl2dhg x16tdsg8 x1vvkbs x3nfvp2 x1j61x8r x1fcty0u xdj266r xat24cr xgzva0m xhhsvwb xxymvpz xlup9mm x1kky2od\"><img decoding=\"async\" loading=\"lazy\" class=\"xz74otr\" src=\"https:\/\/static.xx.fbcdn.net\/images\/emoji.php\/v9\/t33\/1\/16\/2705.png\" alt=\"\u2705\" width=\"16\" height=\"16\" \/><\/span> \ud835\udde8\ud835\uddfb\ud835\uddf6\ud835\uddf1\ud835\uddee\ud835\uddf1 \ud835\udde7\ud835\uddf2\u0301\ud835\uddf0\ud835\uddfb\ud835\uddf6\ud835\uddf0\ud835\uddee \ud835\uddd7\ud835\uddf2\ud835\uddfd\ud835\uddee\ud835\uddff\ud835\ude01\ud835\uddee\ud835\uddfa\ud835\uddf2\ud835\uddfb\ud835\ude01\ud835\uddee\ud835\uddf9 -\ud835\udde8\ud835\udde7\ud835\uddd7-. Integrada por los DMP &#8211; Directores Municipales de Planificaci\u00f3n de cada Municipalidad y entes rectores de las Instituciones del Estado y Organizaciones No Estatales.<\/div>\n<\/div>\n<div class=\"x11i5rnm xat24cr x1mh8g0r x1vvkbs xtlvy1s x126k92a\" style=\"text-align: justify;\">\n<div dir=\"auto\">En esta reuni\u00f3n se trataron varios temas entre ellos Observaciones de Propuesta de Inversi\u00f3n Departamental 2025 seg\u00fan la Comisi\u00f3n Nacional de An\u00e1lisis de Presupuesto y Pol\u00edtica Fiscal del CONADUR Dictamen de proyectos Gran Cruzada por la Nutrici\u00f3n.<\/div>\n<\/div>\n<div class=\"x11i5rnm xat24cr x1mh8g0r x1vvkbs xtlvy1s x126k92a\">\n<div dir=\"auto\" style=\"text-align: justify;\">Para informarse detalladamente del tema tratado en la reuni\u00f3n le compartimos el enlace al acta de la reuni\u00f3n.<\/div>\n<\/div>\n<p><a href=\"https:\/\/gobernacionaltaverapaz.gob.gt\/links\/utd2407.html#GuatemalaSaleAdelante\">https:\/\/gobernacionaltaverapaz.gob.gt\/links\/utd2407.html<\/a><\/p>\n<p>&nbsp;<\/p>\n<div><\/div>\n","protected":false},"excerpt":{"rendered":"<p>Como lo establece el Art\u00edculo 37 del Reglamento de la Ley de Consejos de Desarrollo Urbano y Rural, para el cumplimiento de sus funciones, el Consejo Departamental de Desarrollo tendr\u00e1 los \u00f3rganos siguientes: \ud835\udde3\ud835\uddff\ud835\uddf2\ud835\ude00\ud835\uddf6\ud835\uddf1\ud835\uddf2\ud835\uddfb\ud835\uddf0\ud835\uddf6\ud835\uddee-\ud835\uddd6\ud835\uddfc\ud835\uddfc\ud835\uddff\ud835\uddf1\ud835\uddf6\ud835\uddfb\ud835\uddee\ud835\uddf0\ud835\uddf6\ud835\uddfc\u0301\ud835\uddfb. Rol a cargo de la Gobernadora Departamental Dilia Margarita C\u00f3 Coy \ud835\udde6\ud835\uddf2\ud835\uddf0\ud835\uddff\ud835\uddf2\ud835\ude01\ud835\uddee\ud835\uddff\ud835\uddf6\u0301\ud835\uddee. A cargo del Delegado Departamental de SEGEPLAN Orlando Flores [&hellip;]<\/p>\n","protected":false},"author":1,"featured_media":18364,"comment_status":"closed","ping_status":"open","sticky":false,"template":"","format":"gallery","meta":[],"categories":[194],"tags":[178],"_links":{"self":[{"href":"https:\/\/gobernacionaltaverapaz.gob.gt\/index.php?rest_route=\/wp\/v2\/posts\/18363"}],"collection":[{"href":"https:\/\/gobernacionaltaverapaz.gob.gt\/index.php?rest_route=\/wp\/v2\/posts"}],"about":[{"href":"https:\/\/gobernacionaltaverapaz.gob.gt\/index.php?rest_route=\/wp\/v2\/types\/post"}],"author":[{"embeddable":true,"href":"https:\/\/gobernacionaltaverapaz.gob.gt\/index.php?rest_route=\/wp\/v2\/users\/1"}],"replies":[{"embeddable":true,"href":"https:\/\/gobernacionaltaverapaz.gob.gt\/index.php?rest_route=%2Fwp%2Fv2%2Fcomments&post=18363"}],"version-history":[{"count":1,"href":"https:\/\/gobernacionaltaverapaz.gob.gt\/index.php?rest_route=\/wp\/v2\/posts\/18363\/revisions"}],"predecessor-version":[{"id":18365,"href":"https:\/\/gobernacionaltaverapaz.gob.gt\/index.php?rest_route=\/wp\/v2\/posts\/18363\/revisions\/18365"}],"wp:featuredmedia":[{"embeddable":true,"href":"https:\/\/gobernacionaltaverapaz.gob.gt\/index.php?rest_route=\/wp\/v2\/media\/18364"}],"wp:attachment":[{"href":"https:\/\/gobernacionaltaverapaz.gob.gt\/index.php?rest_route=%2Fwp%2Fv2%2Fmedia&parent=18363"}],"wp:term":[{"taxonomy":"category","embeddable":true,"href":"https:\/\/gobernacionaltaverapaz.gob.gt\/index.php?rest_route=%2Fwp%2Fv2%2Fcategories&post=18363"},{"taxonomy":"post_tag","embeddable":true,"href":"https:\/\/gobernacionaltaverapaz.gob.gt\/index.php?rest_route=%2Fwp%2Fv2%2Ftags&post=18363"}],"curies":[{"name":"wp","href":"https:\/\/api.w.org\/{rel}","templated":true}]}}