{"id":18388,"date":"2024-05-20T16:17:18","date_gmt":"2024-05-20T22:17:18","guid":{"rendered":"https:\/\/gobernacionaltaverapaz.gob.gt\/?p=18388"},"modified":"2024-06-14T11:33:19","modified_gmt":"2024-06-14T17:33:19","slug":"reconocimiento-aereo","status":"publish","type":"post","link":"https:\/\/gobernacionaltaverapaz.gob.gt\/?p=18388","title":{"rendered":"Reconocimiento A\u00e9reo"},"content":{"rendered":"<div class=\"html-div xe8uvvx xdj266r x11i5rnm xat24cr x1mh8g0r xexx8yu x4uap5 x18d9i69 xkhd6sd\" dir=\"auto\">\n<div id=\":r20f:\" class=\"x1iorvi4 x1pi30zi x1l90r2v x1swvt13\" data-ad-comet-preview=\"message\" data-ad-preview=\"message\">\n<div class=\"x78zum5 xdt5ytf xz62fqu x16ldp7u\">\n<div class=\"xu06os2 x1ok221b\">\n<div class=\"xdj266r x11i5rnm xat24cr x1mh8g0r x1vvkbs x126k92a\">\n<div dir=\"auto\" style=\"text-align: justify;\">Luego de un reconocimiento a\u00e9reo realizado al medio d\u00eda del 20 de mayo, en el que participaron los delegados departamentales de CONRED, CONAP, MARN y la Coordinadora de la CODRED se determin\u00f3 que: A pesar de los esfuerzos humanos y t\u00e9cnicos realizados, la topograf\u00eda del departamento, la excesiva bruma y el humo hicieron imposible las operaciones a\u00e9reas.<\/div>\n<\/div>\n<div class=\"x11i5rnm xat24cr x1mh8g0r x1vvkbs xtlvy1s x126k92a\" style=\"text-align: justify;\">\n<div dir=\"auto\">Por lo que se acord\u00f3 en conjunto con la SE-CONRED y el Ministerio de la Defensa, reforzar las brigadas de combate terrestres para aumentar su efectividad.<\/div>\n<\/div>\n<div class=\"x11i5rnm xat24cr x1mh8g0r x1vvkbs xtlvy1s x126k92a\" style=\"text-align: justify;\">\n<div dir=\"auto\">La articulaci\u00f3n interinstitucional, el esfuerzo de las brigadas terrestres y las lluvias recientes han permitido detener incendios en varios municipios.<\/div>\n<\/div>\n<div class=\"x11i5rnm xat24cr x1mh8g0r x1vvkbs xtlvy1s x126k92a\" style=\"text-align: justify;\">\n<div dir=\"auto\">A partir de ma\u00f1ana, 21 de mayo de 2024, las brigadas se desplazar\u00e1n a los municipios de Cahab\u00f3n, Fray Bartolom\u00e9 de Las Casas y Senah\u00fa para apoyar a las autoridades locales y comunitarios en la contenci\u00f3n de los incendios.<\/div>\n<\/div>\n<div class=\"x11i5rnm xat24cr x1mh8g0r x1vvkbs xtlvy1s x126k92a\">\n<div dir=\"auto\" style=\"text-align: justify;\">Gobernaci\u00f3n Departamental reitera su agradecimiento a cada persona, instituci\u00f3n, empresa y comunidad que ha colaborado, ya sea en menor o mayor medida, en esta lucha contra los incendios, especialmente a aquellos que ponen su vida en riesgo y est\u00e1n en la primera l\u00ednea de contenci\u00f3n. Ellos son los verdaderos h\u00e9roes.<\/div>\n<\/div>\n<\/div>\n<\/div>\n<\/div>\n<\/div>\n<p>&nbsp;<\/p>\n<p>&nbsp;<\/p>\n<p>&nbsp;<\/p>\n<p>&nbsp;<\/p>\n<div><\/div>\n","protected":false},"excerpt":{"rendered":"<p>Luego de un reconocimiento a\u00e9reo realizado al medio d\u00eda del 20 de mayo, en el que participaron los delegados departamentales de CONRED, CONAP, MARN y la Coordinadora de la CODRED se determin\u00f3 que: A pesar de los esfuerzos humanos y t\u00e9cnicos realizados, la topograf\u00eda del departamento, la excesiva bruma y el humo hicieron imposible las [&hellip;]<\/p>\n","protected":false},"author":1,"featured_media":18389,"comment_status":"closed","ping_status":"open","sticky":false,"template":"","format":"gallery","meta":[],"categories":[183],"tags":[178],"_links":{"self":[{"href":"https:\/\/gobernacionaltaverapaz.gob.gt\/index.php?rest_route=\/wp\/v2\/posts\/18388"}],"collection":[{"href":"https:\/\/gobernacionaltaverapaz.gob.gt\/index.php?rest_route=\/wp\/v2\/posts"}],"about":[{"href":"https:\/\/gobernacionaltaverapaz.gob.gt\/index.php?rest_route=\/wp\/v2\/types\/post"}],"author":[{"embeddable":true,"href":"https:\/\/gobernacionaltaverapaz.gob.gt\/index.php?rest_route=\/wp\/v2\/users\/1"}],"replies":[{"embeddable":true,"href":"https:\/\/gobernacionaltaverapaz.gob.gt\/index.php?rest_route=%2Fwp%2Fv2%2Fcomments&post=18388"}],"version-history":[{"count":1,"href":"https:\/\/gobernacionaltaverapaz.gob.gt\/index.php?rest_route=\/wp\/v2\/posts\/18388\/revisions"}],"predecessor-version":[{"id":18390,"href":"https:\/\/gobernacionaltaverapaz.gob.gt\/index.php?rest_route=\/wp\/v2\/posts\/18388\/revisions\/18390"}],"wp:featuredmedia":[{"embeddable":true,"href":"https:\/\/gobernacionaltaverapaz.gob.gt\/index.php?rest_route=\/wp\/v2\/media\/18389"}],"wp:attachment":[{"href":"https:\/\/gobernacionaltaverapaz.gob.gt\/index.php?rest_route=%2Fwp%2Fv2%2Fmedia&parent=18388"}],"wp:term":[{"taxonomy":"category","embeddable":true,"href":"https:\/\/gobernacionaltaverapaz.gob.gt\/index.php?rest_route=%2Fwp%2Fv2%2Fcategories&post=18388"},{"taxonomy":"post_tag","embeddable":true,"href":"https:\/\/gobernacionaltaverapaz.gob.gt\/index.php?rest_route=%2Fwp%2Fv2%2Ftags&post=18388"}],"curies":[{"name":"wp","href":"https:\/\/api.w.org\/{rel}","templated":true}]}}