{"id":18413,"date":"2024-05-22T11:30:40","date_gmt":"2024-05-22T17:30:40","guid":{"rendered":"https:\/\/gobernacionaltaverapaz.gob.gt\/?p=18413"},"modified":"2024-06-14T15:13:15","modified_gmt":"2024-06-14T21:13:15","slug":"fortalecimiento-de-capacidades-y-manejo-integral-de-la-conflictividad-agraria","status":"publish","type":"post","link":"https:\/\/gobernacionaltaverapaz.gob.gt\/?p=18413","title":{"rendered":"Fortalecimiento de Capacidades y Manejo Integral de la Conflictividad Agraria"},"content":{"rendered":"<div class=\"xdj266r x11i5rnm xat24cr x1mh8g0r x1vvkbs x126k92a\">\n<div dir=\"auto\" style=\"text-align: justify;\">La Gobernadora Departamental de Alta Verapaz Dilia Margarita C\u00f3 Coy sostuvo una reuni\u00f3n sobre el Fortalecimiento de Capacidades y Manejo Integral de la Conflictividad Agraria.<\/div>\n<\/div>\n<div class=\"x11i5rnm xat24cr x1mh8g0r x1vvkbs xtlvy1s x126k92a\" style=\"text-align: justify;\">\n<div dir=\"auto\">El pasado martes 22 de mayo se llev\u00f3 a cabo una reuni\u00f3n clave para abordar el fortalecimiento de capacidades y el manejo integral de la conflictividad agraria en Alta Verapaz.<\/div>\n<\/div>\n<div class=\"x11i5rnm xat24cr x1mh8g0r x1vvkbs xtlvy1s x126k92a\" style=\"text-align: justify;\">\n<div dir=\"auto\">Desde 2019, se ha trabajado en la identificaci\u00f3n y manejo de conflictos agrarios, sociales y ambientales junto a la desaparecida Secretar\u00eda de Asuntos Agrarios y la Comisi\u00f3n Presidencial por la Paz y los Derechos Humanos. Alta Verapaz ha sido una regi\u00f3n prioritaria para este proceso.<\/div>\n<\/div>\n<div class=\"x11i5rnm xat24cr x1mh8g0r x1vvkbs xtlvy1s x126k92a\" style=\"text-align: justify;\">\n<div dir=\"auto\">Se destac\u00f3 la capacidad instalada en Alta Verapaz y la importancia del apoyo gubernamental. El proyecto se dise\u00f1\u00f3 en 2019, enfoc\u00e1ndose en conflictos identificados a nivel nacional, especialmente en Alta Verapaz.<\/div>\n<\/div>\n<div class=\"x11i5rnm xat24cr x1mh8g0r x1vvkbs xtlvy1s x126k92a\" style=\"text-align: justify;\">\n<div dir=\"auto\">Se resalt\u00f3 la importancia de la pol\u00edtica aprobada para la atenci\u00f3n a la conflictividad agraria, incluyendo la reactivaci\u00f3n de comisiones interinstitucionales y el cumplimiento de medidas cautelares, procesos que la Secretar\u00eda Privada de la Presidencia est\u00e1 coordinando.<\/div>\n<\/div>\n<div class=\"x11i5rnm xat24cr x1mh8g0r x1vvkbs xtlvy1s x126k92a\" style=\"text-align: justify;\">\n<div dir=\"auto\">Se acord\u00f3 reorganizar y fortalecer las estructuras de atenci\u00f3n a la conflictividad, establecer un fondo de mantenimiento de estructuras y recursos, analizar las funciones y naturaleza de la unidad de atenci\u00f3n a la conflictividad, delimitar problemas espec\u00edficos y el marco institucional correspondiente, y prepararse para crisis potenciales mediante un an\u00e1lisis de gobernabilidad.<\/div>\n<\/div>\n<div class=\"x11i5rnm xat24cr x1mh8g0r x1vvkbs xtlvy1s x126k92a\">\n<div dir=\"auto\" style=\"text-align: justify;\">Agradecemos el compromiso y apoyo de todas las instituciones y cooperantes. \u00a1Juntos, seguiremos trabajando por la paz y el desarrollo de nuestras comunidades!<\/div>\n<\/div>\n<p>&nbsp;<\/p>\n<p>&nbsp;<\/p>\n<div><\/div>\n<p>&nbsp;<\/p>\n","protected":false},"excerpt":{"rendered":"<p>La Gobernadora Departamental de Alta Verapaz Dilia Margarita C\u00f3 Coy sostuvo una reuni\u00f3n sobre el Fortalecimiento de Capacidades y Manejo Integral de la Conflictividad Agraria. El pasado martes 22 de mayo se llev\u00f3 a cabo una reuni\u00f3n clave para abordar el fortalecimiento de capacidades y el manejo integral de la conflictividad agraria en Alta Verapaz. [&hellip;]<\/p>\n","protected":false},"author":1,"featured_media":18405,"comment_status":"closed","ping_status":"open","sticky":false,"template":"","format":"gallery","meta":[],"categories":[182],"tags":[178],"_links":{"self":[{"href":"https:\/\/gobernacionaltaverapaz.gob.gt\/index.php?rest_route=\/wp\/v2\/posts\/18413"}],"collection":[{"href":"https:\/\/gobernacionaltaverapaz.gob.gt\/index.php?rest_route=\/wp\/v2\/posts"}],"about":[{"href":"https:\/\/gobernacionaltaverapaz.gob.gt\/index.php?rest_route=\/wp\/v2\/types\/post"}],"author":[{"embeddable":true,"href":"https:\/\/gobernacionaltaverapaz.gob.gt\/index.php?rest_route=\/wp\/v2\/users\/1"}],"replies":[{"embeddable":true,"href":"https:\/\/gobernacionaltaverapaz.gob.gt\/index.php?rest_route=%2Fwp%2Fv2%2Fcomments&post=18413"}],"version-history":[{"count":1,"href":"https:\/\/gobernacionaltaverapaz.gob.gt\/index.php?rest_route=\/wp\/v2\/posts\/18413\/revisions"}],"predecessor-version":[{"id":18414,"href":"https:\/\/gobernacionaltaverapaz.gob.gt\/index.php?rest_route=\/wp\/v2\/posts\/18413\/revisions\/18414"}],"wp:featuredmedia":[{"embeddable":true,"href":"https:\/\/gobernacionaltaverapaz.gob.gt\/index.php?rest_route=\/wp\/v2\/media\/18405"}],"wp:attachment":[{"href":"https:\/\/gobernacionaltaverapaz.gob.gt\/index.php?rest_route=%2Fwp%2Fv2%2Fmedia&parent=18413"}],"wp:term":[{"taxonomy":"category","embeddable":true,"href":"https:\/\/gobernacionaltaverapaz.gob.gt\/index.php?rest_route=%2Fwp%2Fv2%2Fcategories&post=18413"},{"taxonomy":"post_tag","embeddable":true,"href":"https:\/\/gobernacionaltaverapaz.gob.gt\/index.php?rest_route=%2Fwp%2Fv2%2Ftags&post=18413"}],"curies":[{"name":"wp","href":"https:\/\/api.w.org\/{rel}","templated":true}]}}