{"id":18462,"date":"2024-05-24T10:46:09","date_gmt":"2024-05-24T16:46:09","guid":{"rendered":"https:\/\/gobernacionaltaverapaz.gob.gt\/?p=18462"},"modified":"2024-06-17T15:06:17","modified_gmt":"2024-06-17T21:06:17","slug":"continua-la-firma-de-convenios-de-codede-y-se-mejoran-las-capadidades-de-los-dmp","status":"publish","type":"post","link":"https:\/\/gobernacionaltaverapaz.gob.gt\/?p=18462","title":{"rendered":"Contin\u00faa la firma de Convenios de (CODEDE) y se mejoran las capadidades de los DMP."},"content":{"rendered":"<div class=\"xdj266r x11i5rnm xat24cr x1mh8g0r x1vvkbs x126k92a\">\n<div dir=\"auto\" style=\"text-align: justify;\">Contin\u00faa la firma de Convenios de Ejecuci\u00f3n de Proyectos del Consejo Departamental de Desarrollo de Alta Verapaz (CODEDE) y se mejoran las capadidades de los DMP.<\/div>\n<\/div>\n<div class=\"x11i5rnm xat24cr x1mh8g0r x1vvkbs xtlvy1s x126k92a\" style=\"text-align: justify;\">\n<div dir=\"auto\">El martes 21 se firmaron tres convenios con el Alcalde Municipal de Chamelco Alvaro Rene Garc\u00eda Garc\u00eda y este jueves 23 estuvo el se\u00f1or Alcalde Municipal de Chisec Luis Francisco Reynaldo V\u00e1squez Pop con quien se firmaron 2 convenios.<\/div>\n<\/div>\n<div class=\"x11i5rnm xat24cr x1mh8g0r x1vvkbs xtlvy1s x126k92a\" style=\"text-align: justify;\">\n<div dir=\"auto\">Esta ma\u00f1ana se est\u00e1n transfiriendo capacidades a los Directores Municipales de Planificaci\u00f3n para que el proceso hasta la firma de convenios sea \u00e1gil y eficiente. Con la presencia de SEGEPLAN, CODEDE, COREDUR se imparte una capacitaci\u00f3n para conformar adecuadamente los expedientes 2025, la transici\u00f3n de lo anal\u00f3gico a lo digital.<\/div>\n<\/div>\n<div class=\"x11i5rnm xat24cr x1mh8g0r x1vvkbs xtlvy1s x126k92a\">\n<div dir=\"auto\" style=\"text-align: justify;\">Ha sido una semana de mucho avance en el departamento y la Gobernadora Dilia Margarita C\u00f3 Coy se ha comprometido a mejorar y agilizar la inversi\u00f3n en Alta Verapaz para evitar los proyectos de arrastre.<\/div>\n<\/div>\n<p>&nbsp;<\/p>\n<div><\/div>\n","protected":false},"excerpt":{"rendered":"<p>Contin\u00faa la firma de Convenios de Ejecuci\u00f3n de Proyectos del Consejo Departamental de Desarrollo de Alta Verapaz (CODEDE) y se mejoran las capadidades de los DMP. El martes 21 se firmaron tres convenios con el Alcalde Municipal de Chamelco Alvaro Rene Garc\u00eda Garc\u00eda y este jueves 23 estuvo el se\u00f1or Alcalde Municipal de Chisec Luis [&hellip;]<\/p>\n","protected":false},"author":1,"featured_media":18452,"comment_status":"closed","ping_status":"open","sticky":false,"template":"","format":"gallery","meta":[],"categories":[194],"tags":[178],"_links":{"self":[{"href":"https:\/\/gobernacionaltaverapaz.gob.gt\/index.php?rest_route=\/wp\/v2\/posts\/18462"}],"collection":[{"href":"https:\/\/gobernacionaltaverapaz.gob.gt\/index.php?rest_route=\/wp\/v2\/posts"}],"about":[{"href":"https:\/\/gobernacionaltaverapaz.gob.gt\/index.php?rest_route=\/wp\/v2\/types\/post"}],"author":[{"embeddable":true,"href":"https:\/\/gobernacionaltaverapaz.gob.gt\/index.php?rest_route=\/wp\/v2\/users\/1"}],"replies":[{"embeddable":true,"href":"https:\/\/gobernacionaltaverapaz.gob.gt\/index.php?rest_route=%2Fwp%2Fv2%2Fcomments&post=18462"}],"version-history":[{"count":1,"href":"https:\/\/gobernacionaltaverapaz.gob.gt\/index.php?rest_route=\/wp\/v2\/posts\/18462\/revisions"}],"predecessor-version":[{"id":18463,"href":"https:\/\/gobernacionaltaverapaz.gob.gt\/index.php?rest_route=\/wp\/v2\/posts\/18462\/revisions\/18463"}],"wp:featuredmedia":[{"embeddable":true,"href":"https:\/\/gobernacionaltaverapaz.gob.gt\/index.php?rest_route=\/wp\/v2\/media\/18452"}],"wp:attachment":[{"href":"https:\/\/gobernacionaltaverapaz.gob.gt\/index.php?rest_route=%2Fwp%2Fv2%2Fmedia&parent=18462"}],"wp:term":[{"taxonomy":"category","embeddable":true,"href":"https:\/\/gobernacionaltaverapaz.gob.gt\/index.php?rest_route=%2Fwp%2Fv2%2Fcategories&post=18462"},{"taxonomy":"post_tag","embeddable":true,"href":"https:\/\/gobernacionaltaverapaz.gob.gt\/index.php?rest_route=%2Fwp%2Fv2%2Ftags&post=18462"}],"curies":[{"name":"wp","href":"https:\/\/api.w.org\/{rel}","templated":true}]}}