{"id":18477,"date":"2024-05-27T11:30:56","date_gmt":"2024-05-27T17:30:56","guid":{"rendered":"https:\/\/gobernacionaltaverapaz.gob.gt\/?p=18477"},"modified":"2024-06-17T15:18:16","modified_gmt":"2024-06-17T21:18:16","slug":"avance-de-la-construccion-del-instituto-basico-de-la-aldea-samilha-i-de-santa-catalina-la-tinta","status":"publish","type":"post","link":"https:\/\/gobernacionaltaverapaz.gob.gt\/?p=18477","title":{"rendered":"Avance de la construcci\u00f3n del Instituto B\u00e1sico de la Aldea Samilha I de Santa Catalina La Tinta"},"content":{"rendered":"<div class=\"x11i5rnm xat24cr x1mh8g0r x1vvkbs xtlvy1s x126k92a\">\n<div dir=\"auto\" style=\"text-align: justify;\">A solicitud del Alcalde Oscar Norberto Garc\u00eda Chaman la Gobernadora Dilia Margarita C\u00f3 Coy en su rol de Presidente del CODEDEAV Consejo Departamental de Desarrollo de Alta Verapaz acompa\u00f1\u00f3 a los Supervisores de Obra para confirmar el estado de avance de la construcci\u00f3n del Instituto B\u00e1sico de la Aldea Samilha I de Santa Catalina La Tinta.<\/div>\n<div dir=\"auto\" style=\"text-align: justify;\"><\/div>\n<\/div>\n<div class=\"x11i5rnm xat24cr x1mh8g0r x1vvkbs xtlvy1s x126k92a\">\n<div dir=\"auto\" style=\"text-align: justify;\">En su visita la Gobernadora aprovecho a saludar a los alumnos de la primaria de la Escuela de la aldea y compartir unos minutos con ellos.<\/div>\n<\/div>\n<p>&nbsp;<\/p>\n<div><\/div>\n","protected":false},"excerpt":{"rendered":"<p>A solicitud del Alcalde Oscar Norberto Garc\u00eda Chaman la Gobernadora Dilia Margarita C\u00f3 Coy en su rol de Presidente del CODEDEAV Consejo Departamental de Desarrollo de Alta Verapaz acompa\u00f1\u00f3 a los Supervisores de Obra para confirmar el estado de avance de la construcci\u00f3n del Instituto B\u00e1sico de la Aldea Samilha I de Santa Catalina La [&hellip;]<\/p>\n","protected":false},"author":1,"featured_media":18470,"comment_status":"closed","ping_status":"open","sticky":false,"template":"","format":"gallery","meta":[],"categories":[195],"tags":[178],"_links":{"self":[{"href":"https:\/\/gobernacionaltaverapaz.gob.gt\/index.php?rest_route=\/wp\/v2\/posts\/18477"}],"collection":[{"href":"https:\/\/gobernacionaltaverapaz.gob.gt\/index.php?rest_route=\/wp\/v2\/posts"}],"about":[{"href":"https:\/\/gobernacionaltaverapaz.gob.gt\/index.php?rest_route=\/wp\/v2\/types\/post"}],"author":[{"embeddable":true,"href":"https:\/\/gobernacionaltaverapaz.gob.gt\/index.php?rest_route=\/wp\/v2\/users\/1"}],"replies":[{"embeddable":true,"href":"https:\/\/gobernacionaltaverapaz.gob.gt\/index.php?rest_route=%2Fwp%2Fv2%2Fcomments&post=18477"}],"version-history":[{"count":1,"href":"https:\/\/gobernacionaltaverapaz.gob.gt\/index.php?rest_route=\/wp\/v2\/posts\/18477\/revisions"}],"predecessor-version":[{"id":18478,"href":"https:\/\/gobernacionaltaverapaz.gob.gt\/index.php?rest_route=\/wp\/v2\/posts\/18477\/revisions\/18478"}],"wp:featuredmedia":[{"embeddable":true,"href":"https:\/\/gobernacionaltaverapaz.gob.gt\/index.php?rest_route=\/wp\/v2\/media\/18470"}],"wp:attachment":[{"href":"https:\/\/gobernacionaltaverapaz.gob.gt\/index.php?rest_route=%2Fwp%2Fv2%2Fmedia&parent=18477"}],"wp:term":[{"taxonomy":"category","embeddable":true,"href":"https:\/\/gobernacionaltaverapaz.gob.gt\/index.php?rest_route=%2Fwp%2Fv2%2Fcategories&post=18477"},{"taxonomy":"post_tag","embeddable":true,"href":"https:\/\/gobernacionaltaverapaz.gob.gt\/index.php?rest_route=%2Fwp%2Fv2%2Ftags&post=18477"}],"curies":[{"name":"wp","href":"https:\/\/api.w.org\/{rel}","templated":true}]}}