{"id":18483,"date":"2024-05-27T14:10:07","date_gmt":"2024-05-27T20:10:07","guid":{"rendered":"https:\/\/gobernacionaltaverapaz.gob.gt\/?p=18483"},"modified":"2024-06-17T15:23:33","modified_gmt":"2024-06-17T21:23:33","slug":"supervision-construccion-de-un-centro-comunitario-de-salud-en-aldea-salac-ii","status":"publish","type":"post","link":"https:\/\/gobernacionaltaverapaz.gob.gt\/?p=18483","title":{"rendered":"Supervisi\u00f3n construcci\u00f3n de un Centro Comunitario de Salud en Aldea Salac II"},"content":{"rendered":"<div class=\"x11i5rnm xat24cr x1mh8g0r x1vvkbs xtlvy1s x126k92a\">\n<div dir=\"auto\" style=\"text-align: justify;\">Finalizando las acciones en el municipio de Santa Catalina La Tinta se realiz\u00f3 una visita a la Aldea Salac II en la cual est\u00e1 por finalizar la construcci\u00f3n de un Centro Comunitario de Salud que beneficiar\u00e1 a m\u00e1s de 500 personas. El objetivo es lograr mejorar la atenci\u00f3n en salud que requieren vecinos de la aldea de Salac II y lugares circunvecinos en el municipio de Santa Catalina La Tinta, Alta Verapaz.<\/div>\n<\/div>\n<div class=\"x11i5rnm xat24cr x1mh8g0r x1vvkbs xtlvy1s x126k92a\" style=\"text-align: justify;\">\n<div dir=\"auto\">En el lugar estuvieron representantes de la empresa constructora a cargo, personal de la Municipalidad de Santa Catalina, Supervisores del CODEDEAV, el Presidente del COREDUR y la Gobernadora Dilia Margarita C\u00f3 Coy quien particip\u00f3 en la supervisi\u00f3n y acordaron con el Alcalde Oscar Norberto Garc\u00eda Chaman agilizar todos los procesos estancados para poder completar el proyecto a la brevedad.<\/div>\n<\/div>\n<div class=\"x11i5rnm xat24cr x1mh8g0r x1vvkbs xtlvy1s x126k92a\">\n<div dir=\"auto\" style=\"text-align: justify;\">Se espera que este trabajo interinstitucional active los mecanismos necesarios para ir limpiando el departamento de todas las obras de arrastre que han dejado administraciones anteriores, mejorar los procesos de Preinversi\u00f3n, Planificaci\u00f3n, Ejecuci\u00f3n y Supervisi\u00f3n para que el departamento mejore significativamente su porcentaje anual de ejecuci\u00f3n presupuestaria.<\/div>\n<\/div>\n<p>&nbsp;<\/p>\n<p>&nbsp;<\/p>\n<div><\/div>\n","protected":false},"excerpt":{"rendered":"<p>Finalizando las acciones en el municipio de Santa Catalina La Tinta se realiz\u00f3 una visita a la Aldea Salac II en la cual est\u00e1 por finalizar la construcci\u00f3n de un Centro Comunitario de Salud que beneficiar\u00e1 a m\u00e1s de 500 personas. El objetivo es lograr mejorar la atenci\u00f3n en salud que requieren vecinos de la [&hellip;]<\/p>\n","protected":false},"author":1,"featured_media":18479,"comment_status":"closed","ping_status":"open","sticky":false,"template":"","format":"gallery","meta":[],"categories":[2,195],"tags":[178],"_links":{"self":[{"href":"https:\/\/gobernacionaltaverapaz.gob.gt\/index.php?rest_route=\/wp\/v2\/posts\/18483"}],"collection":[{"href":"https:\/\/gobernacionaltaverapaz.gob.gt\/index.php?rest_route=\/wp\/v2\/posts"}],"about":[{"href":"https:\/\/gobernacionaltaverapaz.gob.gt\/index.php?rest_route=\/wp\/v2\/types\/post"}],"author":[{"embeddable":true,"href":"https:\/\/gobernacionaltaverapaz.gob.gt\/index.php?rest_route=\/wp\/v2\/users\/1"}],"replies":[{"embeddable":true,"href":"https:\/\/gobernacionaltaverapaz.gob.gt\/index.php?rest_route=%2Fwp%2Fv2%2Fcomments&post=18483"}],"version-history":[{"count":1,"href":"https:\/\/gobernacionaltaverapaz.gob.gt\/index.php?rest_route=\/wp\/v2\/posts\/18483\/revisions"}],"predecessor-version":[{"id":18484,"href":"https:\/\/gobernacionaltaverapaz.gob.gt\/index.php?rest_route=\/wp\/v2\/posts\/18483\/revisions\/18484"}],"wp:featuredmedia":[{"embeddable":true,"href":"https:\/\/gobernacionaltaverapaz.gob.gt\/index.php?rest_route=\/wp\/v2\/media\/18479"}],"wp:attachment":[{"href":"https:\/\/gobernacionaltaverapaz.gob.gt\/index.php?rest_route=%2Fwp%2Fv2%2Fmedia&parent=18483"}],"wp:term":[{"taxonomy":"category","embeddable":true,"href":"https:\/\/gobernacionaltaverapaz.gob.gt\/index.php?rest_route=%2Fwp%2Fv2%2Fcategories&post=18483"},{"taxonomy":"post_tag","embeddable":true,"href":"https:\/\/gobernacionaltaverapaz.gob.gt\/index.php?rest_route=%2Fwp%2Fv2%2Ftags&post=18483"}],"curies":[{"name":"wp","href":"https:\/\/api.w.org\/{rel}","templated":true}]}}