{"id":18507,"date":"2024-05-29T10:57:00","date_gmt":"2024-05-29T16:57:00","guid":{"rendered":"https:\/\/gobernacionaltaverapaz.gob.gt\/?p=18507"},"modified":"2024-06-17T15:38:50","modified_gmt":"2024-06-17T21:38:50","slug":"alianzas-y-cooperacion-para-el-desarrollo-de-alta-verapaz","status":"publish","type":"post","link":"https:\/\/gobernacionaltaverapaz.gob.gt\/?p=18507","title":{"rendered":"Alianzas y Cooperaci\u00f3n para el Desarrollo de Alta Verapaz"},"content":{"rendered":"<div class=\"x11i5rnm xat24cr x1mh8g0r x1vvkbs xtlvy1s x126k92a\">\n<div dir=\"auto\" style=\"text-align: justify;\">La ma\u00f1ana de hoy mi\u00e9rcoles 29 de mayo la Gobernadora Dilia Margarita C\u00f3 Coy particip\u00f3 con las palabras de bienvenida en el Encuentro Alianzas y Cooperaci\u00f3n para el Desarrollo de Alta Verapaz.<\/div>\n<\/div>\n<div class=\"x11i5rnm xat24cr x1mh8g0r x1vvkbs xtlvy1s x126k92a\" style=\"text-align: justify;\">\n<div dir=\"auto\">SEGEPLAN realiz\u00f3 una presentaci\u00f3n de las acciones que las Organizaciones No Gubernamentales han realizado en los \u00faltimos a\u00f1os en el departamento y c\u00f3mo estas han encajado dentro de las Prioridades Nacionales para el Desarrollo.<\/div>\n<\/div>\n<div class=\"x11i5rnm xat24cr x1mh8g0r x1vvkbs xtlvy1s x126k92a\" style=\"text-align: justify;\">\n<div dir=\"auto\">Y partiendo de esa informaci\u00f3n establecer un punto de referencia de ese trabajo y actualizar el mapeo de actores, que est\u00e1n haciendo en el departamento y posteriormente c\u00f3mo articular estos esfuerzos y generar mejores resultados.<\/div>\n<\/div>\n<div class=\"x11i5rnm xat24cr x1mh8g0r x1vvkbs xtlvy1s x126k92a\">\n<div dir=\"auto\" style=\"text-align: justify;\">El papel de la Cooperaci\u00f3n Internacional ha sido determinante en muchas de las \u00e1reas del desarrollo en el departamento y este tipo de acciones contribuyen a unificar los esfuerzos con el Estado de Guatemala.<\/div>\n<\/div>\n<p>&nbsp;<\/p>\n<p>&nbsp;<\/p>\n<div><\/div>\n","protected":false},"excerpt":{"rendered":"<p>La ma\u00f1ana de hoy mi\u00e9rcoles 29 de mayo la Gobernadora Dilia Margarita C\u00f3 Coy particip\u00f3 con las palabras de bienvenida en el Encuentro Alianzas y Cooperaci\u00f3n para el Desarrollo de Alta Verapaz. SEGEPLAN realiz\u00f3 una presentaci\u00f3n de las acciones que las Organizaciones No Gubernamentales han realizado en los \u00faltimos a\u00f1os en el departamento y c\u00f3mo [&hellip;]<\/p>\n","protected":false},"author":1,"featured_media":18497,"comment_status":"closed","ping_status":"open","sticky":false,"template":"","format":"gallery","meta":[],"categories":[183],"tags":[178],"_links":{"self":[{"href":"https:\/\/gobernacionaltaverapaz.gob.gt\/index.php?rest_route=\/wp\/v2\/posts\/18507"}],"collection":[{"href":"https:\/\/gobernacionaltaverapaz.gob.gt\/index.php?rest_route=\/wp\/v2\/posts"}],"about":[{"href":"https:\/\/gobernacionaltaverapaz.gob.gt\/index.php?rest_route=\/wp\/v2\/types\/post"}],"author":[{"embeddable":true,"href":"https:\/\/gobernacionaltaverapaz.gob.gt\/index.php?rest_route=\/wp\/v2\/users\/1"}],"replies":[{"embeddable":true,"href":"https:\/\/gobernacionaltaverapaz.gob.gt\/index.php?rest_route=%2Fwp%2Fv2%2Fcomments&post=18507"}],"version-history":[{"count":1,"href":"https:\/\/gobernacionaltaverapaz.gob.gt\/index.php?rest_route=\/wp\/v2\/posts\/18507\/revisions"}],"predecessor-version":[{"id":18508,"href":"https:\/\/gobernacionaltaverapaz.gob.gt\/index.php?rest_route=\/wp\/v2\/posts\/18507\/revisions\/18508"}],"wp:featuredmedia":[{"embeddable":true,"href":"https:\/\/gobernacionaltaverapaz.gob.gt\/index.php?rest_route=\/wp\/v2\/media\/18497"}],"wp:attachment":[{"href":"https:\/\/gobernacionaltaverapaz.gob.gt\/index.php?rest_route=%2Fwp%2Fv2%2Fmedia&parent=18507"}],"wp:term":[{"taxonomy":"category","embeddable":true,"href":"https:\/\/gobernacionaltaverapaz.gob.gt\/index.php?rest_route=%2Fwp%2Fv2%2Fcategories&post=18507"},{"taxonomy":"post_tag","embeddable":true,"href":"https:\/\/gobernacionaltaverapaz.gob.gt\/index.php?rest_route=%2Fwp%2Fv2%2Ftags&post=18507"}],"curies":[{"name":"wp","href":"https:\/\/api.w.org\/{rel}","templated":true}]}}