{"id":18515,"date":"2024-05-30T09:42:08","date_gmt":"2024-05-30T15:42:08","guid":{"rendered":"https:\/\/gobernacionaltaverapaz.gob.gt\/?p=18515"},"modified":"2024-06-17T15:50:14","modified_gmt":"2024-06-17T21:50:14","slug":"se-confirmo-la-alerta-roja-en-alta-verapaz-debido-a-los-incendios-que-han-afectado-el-departamento","status":"publish","type":"post","link":"https:\/\/gobernacionaltaverapaz.gob.gt\/?p=18515","title":{"rendered":"Se confirmo la Alerta Roja en Alta Verapaz debido a los INCENDIOS que han afectado el departamento"},"content":{"rendered":"<div class=\"xdj266r x11i5rnm xat24cr x1mh8g0r x1vvkbs x126k92a\">\n<div dir=\"auto\">\ud835\udde6\ud835\uddf2 \ud835\uddf0\ud835\uddfc\ud835\uddfb\ud835\uddf3\ud835\uddf6\ud835\uddff\ud835\uddfa\ud835\uddee \ud835\uddf9\ud835\uddee \ud835\uddd4\ud835\uddf9\ud835\uddf2\ud835\uddff\ud835\ude01\ud835\uddee \ud835\udde5\ud835\uddfc\ud835\uddf7\ud835\uddee \ud835\uddf2\ud835\uddfb \ud835\uddd4\ud835\uddf9\ud835\ude01\ud835\uddee \ud835\udde9\ud835\uddf2\ud835\uddff\ud835\uddee\ud835\uddfd\ud835\uddee\ud835\ude07 \ud835\uddf1\ud835\uddf2\ud835\uddef\ud835\uddf6\ud835\uddf1\ud835\uddfc \ud835\uddee \ud835\uddf9\ud835\uddfc\ud835\ude00 \ud835\udddc\ud835\udde1\ud835\uddd6\ud835\uddd8\ud835\udde1\ud835\uddd7\ud835\udddc\ud835\udde2\ud835\udde6 \ud835\uddfe\ud835\ude02\ud835\uddf2 \ud835\uddf5\ud835\uddee\ud835\uddfb \ud835\uddee\ud835\uddf3\ud835\uddf2\ud835\uddf0\ud835\ude01\ud835\uddee\ud835\uddf1\ud835\uddfc \ud835\uddf2\ud835\uddf9 \ud835\uddf1\ud835\uddf2\ud835\uddfd\ud835\uddee\ud835\uddff\ud835\ude01\ud835\uddee\ud835\uddfa\ud835\uddf2\ud835\uddfb\ud835\ude01\ud835\uddfc.<\/div>\n<div dir=\"auto\"><\/div>\n<\/div>\n<div class=\"x11i5rnm xat24cr x1mh8g0r x1vvkbs xtlvy1s x126k92a\">\n<div dir=\"auto\" style=\"text-align: justify;\">Debido a la gran cantidad de incendios en el pais, se declar\u00f3 Alerta Anaranjada en todo el territorio nacional.<\/div>\n<\/div>\n<div class=\"x11i5rnm xat24cr x1mh8g0r x1vvkbs xtlvy1s x126k92a\" style=\"text-align: justify;\">\n<div dir=\"auto\">A partir del 20 de mayo se declar\u00f3 la Alerta Roja en Alta Verapaz y ayer 29 de mayo se confirm\u00f3 que contin\u00faa ya que la cantidad de incendios no cesa y afecta a los municipios.<\/div>\n<\/div>\n<div class=\"x11i5rnm xat24cr x1mh8g0r x1vvkbs xtlvy1s x126k92a\" style=\"text-align: justify;\">\n<div dir=\"auto\">Hasta el 29 de mayo se han declarado m\u00e1s de 264 incendios y en un solo d\u00eda se contabilizaron 32, para referencia el a\u00f1o 2023 fueron 29 el total de la temporada.<\/div>\n<\/div>\n<div class=\"x11i5rnm xat24cr x1mh8g0r x1vvkbs xtlvy1s x126k92a\" style=\"text-align: justify;\">\n<div dir=\"auto\">Desde enero las diferentes instituciones lanzaron campa\u00f1as de prevenci\u00f3n, sin embargo muchos agricultores han hecho caso omiso de las advertencias, adem\u00e1s se han detectado casos de mano criminal que est\u00e1n bajo investigaci\u00f3n y el verano ha sido muy intenso, situaciones que han provocado el aumento de incendios.<\/div>\n<\/div>\n<div class=\"x11i5rnm xat24cr x1mh8g0r x1vvkbs xtlvy1s x126k92a\" style=\"text-align: justify;\">\n<div dir=\"auto\">El control de los mismos es un esfuerzo tit\u00e1nico por parte de las instituciones nacionales, departamentales, municipales y la colaboraci\u00f3n activa de los comunitarios y sector privado.<\/div>\n<\/div>\n<div class=\"x11i5rnm xat24cr x1mh8g0r x1vvkbs xtlvy1s x126k92a\">\n<div dir=\"auto\" style=\"text-align: justify;\">Ya se est\u00e1 gestionando ayuda humanitaria para aquellas familias que fueron afectadas y perdieron cultivos por los incendios y la sequ\u00eda.<\/div>\n<\/div>\n<p>&nbsp;<\/p>\n<p>&nbsp;<\/p>\n<div><\/div>\n","protected":false},"excerpt":{"rendered":"<p>\ud835\udde6\ud835\uddf2 \ud835\uddf0\ud835\uddfc\ud835\uddfb\ud835\uddf3\ud835\uddf6\ud835\uddff\ud835\uddfa\ud835\uddee \ud835\uddf9\ud835\uddee \ud835\uddd4\ud835\uddf9\ud835\uddf2\ud835\uddff\ud835\ude01\ud835\uddee \ud835\udde5\ud835\uddfc\ud835\uddf7\ud835\uddee \ud835\uddf2\ud835\uddfb \ud835\uddd4\ud835\uddf9\ud835\ude01\ud835\uddee \ud835\udde9\ud835\uddf2\ud835\uddff\ud835\uddee\ud835\uddfd\ud835\uddee\ud835\ude07 \ud835\uddf1\ud835\uddf2\ud835\uddef\ud835\uddf6\ud835\uddf1\ud835\uddfc \ud835\uddee \ud835\uddf9\ud835\uddfc\ud835\ude00 \ud835\udddc\ud835\udde1\ud835\uddd6\ud835\uddd8\ud835\udde1\ud835\uddd7\ud835\udddc\ud835\udde2\ud835\udde6 \ud835\uddfe\ud835\ude02\ud835\uddf2 \ud835\uddf5\ud835\uddee\ud835\uddfb \ud835\uddee\ud835\uddf3\ud835\uddf2\ud835\uddf0\ud835\ude01\ud835\uddee\ud835\uddf1\ud835\uddfc \ud835\uddf2\ud835\uddf9 \ud835\uddf1\ud835\uddf2\ud835\uddfd\ud835\uddee\ud835\uddff\ud835\ude01\ud835\uddee\ud835\uddfa\ud835\uddf2\ud835\uddfb\ud835\ude01\ud835\uddfc. Debido a la gran cantidad de incendios en el pais, se declar\u00f3 Alerta Anaranjada en todo el territorio nacional. A partir del 20 de mayo se declar\u00f3 la Alerta Roja en Alta Verapaz y ayer 29 de mayo [&hellip;]<\/p>\n","protected":false},"author":1,"featured_media":18509,"comment_status":"closed","ping_status":"open","sticky":false,"template":"","format":"gallery","meta":[],"categories":[182],"tags":[178],"_links":{"self":[{"href":"https:\/\/gobernacionaltaverapaz.gob.gt\/index.php?rest_route=\/wp\/v2\/posts\/18515"}],"collection":[{"href":"https:\/\/gobernacionaltaverapaz.gob.gt\/index.php?rest_route=\/wp\/v2\/posts"}],"about":[{"href":"https:\/\/gobernacionaltaverapaz.gob.gt\/index.php?rest_route=\/wp\/v2\/types\/post"}],"author":[{"embeddable":true,"href":"https:\/\/gobernacionaltaverapaz.gob.gt\/index.php?rest_route=\/wp\/v2\/users\/1"}],"replies":[{"embeddable":true,"href":"https:\/\/gobernacionaltaverapaz.gob.gt\/index.php?rest_route=%2Fwp%2Fv2%2Fcomments&post=18515"}],"version-history":[{"count":1,"href":"https:\/\/gobernacionaltaverapaz.gob.gt\/index.php?rest_route=\/wp\/v2\/posts\/18515\/revisions"}],"predecessor-version":[{"id":18516,"href":"https:\/\/gobernacionaltaverapaz.gob.gt\/index.php?rest_route=\/wp\/v2\/posts\/18515\/revisions\/18516"}],"wp:featuredmedia":[{"embeddable":true,"href":"https:\/\/gobernacionaltaverapaz.gob.gt\/index.php?rest_route=\/wp\/v2\/media\/18509"}],"wp:attachment":[{"href":"https:\/\/gobernacionaltaverapaz.gob.gt\/index.php?rest_route=%2Fwp%2Fv2%2Fmedia&parent=18515"}],"wp:term":[{"taxonomy":"category","embeddable":true,"href":"https:\/\/gobernacionaltaverapaz.gob.gt\/index.php?rest_route=%2Fwp%2Fv2%2Fcategories&post=18515"},{"taxonomy":"post_tag","embeddable":true,"href":"https:\/\/gobernacionaltaverapaz.gob.gt\/index.php?rest_route=%2Fwp%2Fv2%2Ftags&post=18515"}],"curies":[{"name":"wp","href":"https:\/\/api.w.org\/{rel}","templated":true}]}}