{"id":18540,"date":"2024-06-04T08:14:47","date_gmt":"2024-06-04T14:14:47","guid":{"rendered":"https:\/\/gobernacionaltaverapaz.gob.gt\/?p=18540"},"modified":"2024-06-17T16:09:16","modified_gmt":"2024-06-17T22:09:16","slug":"reunion-con-representantes-de-la-oacnudh","status":"publish","type":"post","link":"https:\/\/gobernacionaltaverapaz.gob.gt\/?p=18540","title":{"rendered":"Reuni\u00f3n con representantes de la (OACNUDH)"},"content":{"rendered":"<div class=\"xdj266r x11i5rnm xat24cr x1mh8g0r x1vvkbs x126k92a\">\n<div dir=\"auto\" style=\"text-align: justify;\">Se suman actores para fortalecer la Unidad de Atenci\u00f3n y Gesti\u00f3n de Conflictividad que se est\u00e1 gestando en la Gobernaci\u00f3n Departamental de Alta Verapaz.<\/div>\n<\/div>\n<div class=\"x11i5rnm xat24cr x1mh8g0r x1vvkbs xtlvy1s x126k92a\" style=\"text-align: justify;\">\n<div dir=\"auto\">Se llev\u00f3 a cabo una reuni\u00f3n con representantes de la Oficina del Alto Comisionado de las Naciones Unidas para los Derechos Humanos (OACNUDH) en Guatemala para abordar problem\u00e1ticas relacionadas con las violaciones de derechos humanos en Alta Verapaz y evitar que evolucionen a conflictos sociales.<\/div>\n<\/div>\n<div class=\"x11i5rnm xat24cr x1mh8g0r x1vvkbs xtlvy1s x126k92a\">\n<div dir=\"auto\" style=\"text-align: justify;\">Recientemente se han tomado acciones para reactivar la Mesa de Conflictividad, y este acercamiento permite sumar un actor vital para reducir los \u00edndices de conflictividad en el departamento.<\/div>\n<\/div>\n<p>&nbsp;<\/p>\n<p>&nbsp;<\/p>\n<div><\/div>\n","protected":false},"excerpt":{"rendered":"<p>Se suman actores para fortalecer la Unidad de Atenci\u00f3n y Gesti\u00f3n de Conflictividad que se est\u00e1 gestando en la Gobernaci\u00f3n Departamental de Alta Verapaz. Se llev\u00f3 a cabo una reuni\u00f3n con representantes de la Oficina del Alto Comisionado de las Naciones Unidas para los Derechos Humanos (OACNUDH) en Guatemala para abordar problem\u00e1ticas relacionadas con las [&hellip;]<\/p>\n","protected":false},"author":1,"featured_media":18537,"comment_status":"closed","ping_status":"open","sticky":false,"template":"","format":"gallery","meta":[],"categories":[183],"tags":[178],"_links":{"self":[{"href":"https:\/\/gobernacionaltaverapaz.gob.gt\/index.php?rest_route=\/wp\/v2\/posts\/18540"}],"collection":[{"href":"https:\/\/gobernacionaltaverapaz.gob.gt\/index.php?rest_route=\/wp\/v2\/posts"}],"about":[{"href":"https:\/\/gobernacionaltaverapaz.gob.gt\/index.php?rest_route=\/wp\/v2\/types\/post"}],"author":[{"embeddable":true,"href":"https:\/\/gobernacionaltaverapaz.gob.gt\/index.php?rest_route=\/wp\/v2\/users\/1"}],"replies":[{"embeddable":true,"href":"https:\/\/gobernacionaltaverapaz.gob.gt\/index.php?rest_route=%2Fwp%2Fv2%2Fcomments&post=18540"}],"version-history":[{"count":1,"href":"https:\/\/gobernacionaltaverapaz.gob.gt\/index.php?rest_route=\/wp\/v2\/posts\/18540\/revisions"}],"predecessor-version":[{"id":18541,"href":"https:\/\/gobernacionaltaverapaz.gob.gt\/index.php?rest_route=\/wp\/v2\/posts\/18540\/revisions\/18541"}],"wp:featuredmedia":[{"embeddable":true,"href":"https:\/\/gobernacionaltaverapaz.gob.gt\/index.php?rest_route=\/wp\/v2\/media\/18537"}],"wp:attachment":[{"href":"https:\/\/gobernacionaltaverapaz.gob.gt\/index.php?rest_route=%2Fwp%2Fv2%2Fmedia&parent=18540"}],"wp:term":[{"taxonomy":"category","embeddable":true,"href":"https:\/\/gobernacionaltaverapaz.gob.gt\/index.php?rest_route=%2Fwp%2Fv2%2Fcategories&post=18540"},{"taxonomy":"post_tag","embeddable":true,"href":"https:\/\/gobernacionaltaverapaz.gob.gt\/index.php?rest_route=%2Fwp%2Fv2%2Ftags&post=18540"}],"curies":[{"name":"wp","href":"https:\/\/api.w.org\/{rel}","templated":true}]}}