{"id":18572,"date":"2024-06-05T18:06:10","date_gmt":"2024-06-06T00:06:10","guid":{"rendered":"https:\/\/gobernacionaltaverapaz.gob.gt\/?p=18572"},"modified":"2024-06-17T16:34:47","modified_gmt":"2024-06-17T22:34:47","slug":"alta-verapaz-recibio-la-visita-de-la-vicepresidenta-karin-herrera-y-de-la-directora-de-pais-de-wfp","status":"publish","type":"post","link":"https:\/\/gobernacionaltaverapaz.gob.gt\/?p=18572","title":{"rendered":"Alta Verapaz recibi\u00f3 la visita de la Vicepresidenta Karin Herrera y de la Directora de pa\u00eds de WFP"},"content":{"rendered":"<div class=\"xdj266r x11i5rnm xat24cr x1mh8g0r x1vvkbs x126k92a\">\n<div dir=\"auto\" style=\"text-align: justify;\">Ayer martes 4 de junio Alta Verapaz recibi\u00f3 la visita de la Vicepresidenta <span class=\"html-span xdj266r x11i5rnm xat24cr x1mh8g0r xexx8yu x4uap5 x18d9i69 xkhd6sd x1hl2dhg x16tdsg8 x1vvkbs\"><a class=\"x1i10hfl xjbqb8w x1ejq31n xd10rxx x1sy0etr x17r0tee x972fbf xcfux6l x1qhh985 xm0m39n x9f619 x1ypdohk xt0psk2 xe8uvvx xdj266r x11i5rnm xat24cr x1mh8g0r xexx8yu x4uap5 x18d9i69 xkhd6sd x16tdsg8 x1hl2dhg xggy1nq x1a2a7pz x1sur9pj xkrqix3 x1fey0fg xo1l8bm\" tabindex=\"0\" role=\"link\" href=\"https:\/\/www.facebook.com\/KarinHerreraa?__cft__[0]=AZVsl83U4IUgW3hMvWUIlJ4JYtBCT6r3YnXECMpxYxcX5_ItLxBti16oeVPCR2k-WFSGWZyo5JsAxz0dOpghzigXEPSLv8Z2VsrtQ7EvGBZDEuG0OsN0AwDGmd76qOeVuJEZipERkxi8CF-sZDWpJ589KdUJdvbos5OHanN36wjDVCTdg7C3uPooOPQkx5v7rhlo2ImfyEU3oRpAkJAQYFt3&amp;__tn__=-]K-R\"><span class=\"xt0psk2\">Karin Herrera<\/span><\/a><\/span> y de la Directora de pa\u00eds de WFP<\/div>\n<\/div>\n<div class=\"x11i5rnm xat24cr x1mh8g0r x1vvkbs xtlvy1s x126k92a\" style=\"text-align: justify;\">\n<div dir=\"auto\">Con el objetivo de conocer los proyectos que el Programa Mundial de Alimentos est\u00e1 desarrollando en el departamento la Gobernadora Dilia Margarita C\u00f3 Coy particip\u00f3 en dos actividades.<\/div>\n<\/div>\n<div class=\"x11i5rnm xat24cr x1mh8g0r x1vvkbs xtlvy1s x126k92a\" style=\"text-align: justify;\">\n<div dir=\"auto\">Una de estas actividades fue en el Centro de Salud de la Tinta en donde se expuso como el PMA apoya al sector salud.<\/div>\n<\/div>\n<div class=\"x11i5rnm xat24cr x1mh8g0r x1vvkbs xtlvy1s x126k92a\">\n<div dir=\"auto\" style=\"text-align: justify;\">En las actividades tambi\u00e9n estuvieron presentes el Alcalde de Santa Catalinta la Tinta, el equipo de WFP, diputados del departamento de Alta Verapaz y otros funcionarios.<\/div>\n<\/div>\n<p>&nbsp;<\/p>\n<div><\/div>\n","protected":false},"excerpt":{"rendered":"<p>Ayer martes 4 de junio Alta Verapaz recibi\u00f3 la visita de la Vicepresidenta Karin Herrera y de la Directora de pa\u00eds de WFP Con el objetivo de conocer los proyectos que el Programa Mundial de Alimentos est\u00e1 desarrollando en el departamento la Gobernadora Dilia Margarita C\u00f3 Coy particip\u00f3 en dos actividades. Una de estas actividades [&hellip;]<\/p>\n","protected":false},"author":1,"featured_media":18564,"comment_status":"closed","ping_status":"open","sticky":false,"template":"","format":"gallery","meta":[],"categories":[183],"tags":[178],"_links":{"self":[{"href":"https:\/\/gobernacionaltaverapaz.gob.gt\/index.php?rest_route=\/wp\/v2\/posts\/18572"}],"collection":[{"href":"https:\/\/gobernacionaltaverapaz.gob.gt\/index.php?rest_route=\/wp\/v2\/posts"}],"about":[{"href":"https:\/\/gobernacionaltaverapaz.gob.gt\/index.php?rest_route=\/wp\/v2\/types\/post"}],"author":[{"embeddable":true,"href":"https:\/\/gobernacionaltaverapaz.gob.gt\/index.php?rest_route=\/wp\/v2\/users\/1"}],"replies":[{"embeddable":true,"href":"https:\/\/gobernacionaltaverapaz.gob.gt\/index.php?rest_route=%2Fwp%2Fv2%2Fcomments&post=18572"}],"version-history":[{"count":1,"href":"https:\/\/gobernacionaltaverapaz.gob.gt\/index.php?rest_route=\/wp\/v2\/posts\/18572\/revisions"}],"predecessor-version":[{"id":18573,"href":"https:\/\/gobernacionaltaverapaz.gob.gt\/index.php?rest_route=\/wp\/v2\/posts\/18572\/revisions\/18573"}],"wp:featuredmedia":[{"embeddable":true,"href":"https:\/\/gobernacionaltaverapaz.gob.gt\/index.php?rest_route=\/wp\/v2\/media\/18564"}],"wp:attachment":[{"href":"https:\/\/gobernacionaltaverapaz.gob.gt\/index.php?rest_route=%2Fwp%2Fv2%2Fmedia&parent=18572"}],"wp:term":[{"taxonomy":"category","embeddable":true,"href":"https:\/\/gobernacionaltaverapaz.gob.gt\/index.php?rest_route=%2Fwp%2Fv2%2Fcategories&post=18572"},{"taxonomy":"post_tag","embeddable":true,"href":"https:\/\/gobernacionaltaverapaz.gob.gt\/index.php?rest_route=%2Fwp%2Fv2%2Ftags&post=18572"}],"curies":[{"name":"wp","href":"https:\/\/api.w.org\/{rel}","templated":true}]}}