{"id":18600,"date":"2024-06-10T09:31:12","date_gmt":"2024-06-10T15:31:12","guid":{"rendered":"https:\/\/gobernacionaltaverapaz.gob.gt\/?p=18600"},"modified":"2024-06-17T17:02:47","modified_gmt":"2024-06-17T23:02:47","slug":"visita-de-la-ministra-de-economia-gabriela-garcia-y-la-viceministra-de-apoyo-a-la-mipyme-elizabeth-ugalde","status":"publish","type":"post","link":"https:\/\/gobernacionaltaverapaz.gob.gt\/?p=18600","title":{"rendered":"Visita de la Ministra de Econom\u00eda Gabriela Garc\u00eda y la Viceministra de Apoyo a la MIPYME Elizabeth Ugalde"},"content":{"rendered":"<div class=\"xdj266r x11i5rnm xat24cr x1mh8g0r x1vvkbs x126k92a\">\n<div dir=\"auto\" style=\"text-align: justify;\">El pasado viernes 7 de junio Alta Verapaz recibi\u00f3 la visita de la Ministra de Econom\u00eda Gabriela Garc\u00eda y la Viceministra de Apoyo a la MIPYME Elizabeth Ugalde<\/div>\n<\/div>\n<div class=\"x11i5rnm xat24cr x1mh8g0r x1vvkbs xtlvy1s x126k92a\">\n<div dir=\"auto\" style=\"text-align: justify;\">En el marco de una Feria de Emprendimiento en el Municipio de San Pedro Carch\u00e1, la gobernadora Dilia Margarita C\u00f3 Coy junto a la Ministra de Econom\u00eda y la Viceministra de Apoyo a la MIPYME y autoridades de municipio, participaron en varias actividades que tienen como objetivo fortalecer la econom\u00eda a trav\u00e9s del emprendimiento.<\/div>\n<\/div>\n<p>&nbsp;<\/p>\n<div><\/div>\n","protected":false},"excerpt":{"rendered":"<p>El pasado viernes 7 de junio Alta Verapaz recibi\u00f3 la visita de la Ministra de Econom\u00eda Gabriela Garc\u00eda y la Viceministra de Apoyo a la MIPYME Elizabeth Ugalde En el marco de una Feria de Emprendimiento en el Municipio de San Pedro Carch\u00e1, la gobernadora Dilia Margarita C\u00f3 Coy junto a la Ministra de Econom\u00eda [&hellip;]<\/p>\n","protected":false},"author":1,"featured_media":18590,"comment_status":"closed","ping_status":"open","sticky":false,"template":"","format":"gallery","meta":[],"categories":[183],"tags":[178],"_links":{"self":[{"href":"https:\/\/gobernacionaltaverapaz.gob.gt\/index.php?rest_route=\/wp\/v2\/posts\/18600"}],"collection":[{"href":"https:\/\/gobernacionaltaverapaz.gob.gt\/index.php?rest_route=\/wp\/v2\/posts"}],"about":[{"href":"https:\/\/gobernacionaltaverapaz.gob.gt\/index.php?rest_route=\/wp\/v2\/types\/post"}],"author":[{"embeddable":true,"href":"https:\/\/gobernacionaltaverapaz.gob.gt\/index.php?rest_route=\/wp\/v2\/users\/1"}],"replies":[{"embeddable":true,"href":"https:\/\/gobernacionaltaverapaz.gob.gt\/index.php?rest_route=%2Fwp%2Fv2%2Fcomments&post=18600"}],"version-history":[{"count":1,"href":"https:\/\/gobernacionaltaverapaz.gob.gt\/index.php?rest_route=\/wp\/v2\/posts\/18600\/revisions"}],"predecessor-version":[{"id":18601,"href":"https:\/\/gobernacionaltaverapaz.gob.gt\/index.php?rest_route=\/wp\/v2\/posts\/18600\/revisions\/18601"}],"wp:featuredmedia":[{"embeddable":true,"href":"https:\/\/gobernacionaltaverapaz.gob.gt\/index.php?rest_route=\/wp\/v2\/media\/18590"}],"wp:attachment":[{"href":"https:\/\/gobernacionaltaverapaz.gob.gt\/index.php?rest_route=%2Fwp%2Fv2%2Fmedia&parent=18600"}],"wp:term":[{"taxonomy":"category","embeddable":true,"href":"https:\/\/gobernacionaltaverapaz.gob.gt\/index.php?rest_route=%2Fwp%2Fv2%2Fcategories&post=18600"},{"taxonomy":"post_tag","embeddable":true,"href":"https:\/\/gobernacionaltaverapaz.gob.gt\/index.php?rest_route=%2Fwp%2Fv2%2Ftags&post=18600"}],"curies":[{"name":"wp","href":"https:\/\/api.w.org\/{rel}","templated":true}]}}