{"id":18611,"date":"2024-06-10T20:07:35","date_gmt":"2024-06-11T02:07:35","guid":{"rendered":"https:\/\/gobernacionaltaverapaz.gob.gt\/?p=18611"},"modified":"2024-06-17T17:20:08","modified_gmt":"2024-06-17T23:20:08","slug":"apoyando-a-la-division-de-la-policia-nacional-civil-division-nacional-contra-el-desarrollo-criminal-de-pandillas-dipanda","status":"publish","type":"post","link":"https:\/\/gobernacionaltaverapaz.gob.gt\/?p=18611","title":{"rendered":"Apoyando a la divisi\u00f3n de La Polic\u00eda Nacional Civil, Divisi\u00f3n Nacional Contra el Desarrollo Criminal de Pandillas DIPANDA"},"content":{"rendered":"<div class=\"xdj266r x11i5rnm xat24cr x1mh8g0r x1vvkbs x126k92a\">\n<div dir=\"auto\" style=\"text-align: justify;\">Como parte de las acciones que se han planificado en reuniones previas, la Gobernaci\u00f3n Departamental de Alta Verapaz en coordinaci\u00f3n con las diferentes instituciones vinculadas al tema seguridad ya han tomado acciones desde diferentes frentes.<\/div>\n<\/div>\n<div class=\"x11i5rnm xat24cr x1mh8g0r x1vvkbs xtlvy1s x126k92a\" style=\"text-align: justify;\">\n<div dir=\"auto\">Se estar\u00e1n presentando los informes correspondientes a estas acciones y se le informa nuevamente a la poblaci\u00f3n que lo que se busca es prevenir la violencia y los hechos delictivos en el departamento.<\/div>\n<\/div>\n<div class=\"x11i5rnm xat24cr x1mh8g0r x1vvkbs xtlvy1s x126k92a\" style=\"text-align: justify;\">\n<div dir=\"auto\">Planificaci\u00f3n de Primeras Acciones Interinstitucionales &#8211; 05 de Junio 2024<\/div>\n<div dir=\"auto\"><span class=\"html-span xdj266r x11i5rnm xat24cr x1mh8g0r xexx8yu x4uap5 x18d9i69 xkhd6sd x1hl2dhg x16tdsg8 x1vvkbs\"><a class=\"x1i10hfl xjbqb8w x1ejq31n xd10rxx x1sy0etr x17r0tee x972fbf xcfux6l x1qhh985 xm0m39n x9f619 x1ypdohk xt0psk2 xe8uvvx xdj266r x11i5rnm xat24cr x1mh8g0r xexx8yu x4uap5 x18d9i69 xkhd6sd x16tdsg8 x1hl2dhg xggy1nq x1a2a7pz x1sur9pj xkrqix3 xzsf02u x1s688f\" tabindex=\"0\" role=\"link\" href=\"https:\/\/www.facebook.com\/GobernacionAV\/posts\/pfbid031MFVBZ4HXtrYx1iR7pTnjVuxbNkdezYiJhZrkPWCMitWZz5X6rx6XpsEB66XwbmRl?__cft__[0]=AZU7s2LF1toHwsuVAOIhU9KfVto0NSmUYiRVEjTr04-rDzqbu_IbYupx1l76CNlQqqniWyUcUhgZKYJDAhBUQ9mod008d_gGBwf3_-owiwvhlT7AwYoEdb-ntFkSFRDWEebf5Jajkl98tU2O4uTv4ZRJNIF86uBxmPCvbvOUNlfXxZov4QJg1SXJlb7kEJG5wLRMAqLMs9-sklXaipFQm3-S&amp;__tn__=-UK-R\">https:\/\/www.facebook.com\/share\/p\/uNRFKuYzQsWmuBuC\/<\/a><\/span><\/div>\n<\/div>\n<div class=\"x11i5rnm xat24cr x1mh8g0r x1vvkbs xtlvy1s x126k92a\" style=\"text-align: justify;\">\n<div dir=\"auto\">Reactivaci\u00f3n de Mesa de Seguridad &#8211; 09 de Mayo 2024<\/div>\n<div dir=\"auto\"><span class=\"html-span xdj266r x11i5rnm xat24cr x1mh8g0r xexx8yu x4uap5 x18d9i69 xkhd6sd x1hl2dhg x16tdsg8 x1vvkbs\"><a class=\"x1i10hfl xjbqb8w x1ejq31n xd10rxx x1sy0etr x17r0tee x972fbf xcfux6l x1qhh985 xm0m39n x9f619 x1ypdohk xt0psk2 xe8uvvx xdj266r x11i5rnm xat24cr x1mh8g0r xexx8yu x4uap5 x18d9i69 xkhd6sd x16tdsg8 x1hl2dhg xggy1nq x1a2a7pz x1sur9pj xkrqix3 xzsf02u x1s688f\" tabindex=\"0\" role=\"link\" href=\"https:\/\/www.facebook.com\/GobernacionAV\/posts\/pfbid0MG3Hu1RWya2efLfXyun52vWCv9Gt2sGic5sGeSVqJkAtXhPACLGB6xHo66SF2sj5l?__cft__[0]=AZU7s2LF1toHwsuVAOIhU9KfVto0NSmUYiRVEjTr04-rDzqbu_IbYupx1l76CNlQqqniWyUcUhgZKYJDAhBUQ9mod008d_gGBwf3_-owiwvhlT7AwYoEdb-ntFkSFRDWEebf5Jajkl98tU2O4uTv4ZRJNIF86uBxmPCvbvOUNlfXxZov4QJg1SXJlb7kEJG5wLRMAqLMs9-sklXaipFQm3-S&amp;__tn__=-UK-R\">https:\/\/www.facebook.com\/share\/p\/dsHKhcdawJjqp9EX\/<\/a><\/span><\/div>\n<\/div>\n<div class=\"x11i5rnm xat24cr x1mh8g0r x1vvkbs xtlvy1s x126k92a\">\n<div dir=\"auto\" style=\"text-align: justify;\">Hoy la <span class=\"html-span xdj266r x11i5rnm xat24cr x1mh8g0r xexx8yu x4uap5 x18d9i69 xkhd6sd x1hl2dhg x16tdsg8 x1vvkbs\"><a class=\"x1i10hfl xjbqb8w x1ejq31n xd10rxx x1sy0etr x17r0tee x972fbf xcfux6l x1qhh985 xm0m39n x9f619 x1ypdohk xt0psk2 xe8uvvx xdj266r x11i5rnm xat24cr x1mh8g0r xexx8yu x4uap5 x18d9i69 xkhd6sd x16tdsg8 x1hl2dhg xggy1nq x1a2a7pz x1sur9pj xkrqix3 x1fey0fg xo1l8bm\" tabindex=\"0\" role=\"link\" href=\"https:\/\/www.facebook.com\/Municipalidaddecoban?__cft__[0]=AZU7s2LF1toHwsuVAOIhU9KfVto0NSmUYiRVEjTr04-rDzqbu_IbYupx1l76CNlQqqniWyUcUhgZKYJDAhBUQ9mod008d_gGBwf3_-owiwvhlT7AwYoEdb-ntFkSFRDWEebf5Jajkl98tU2O4uTv4ZRJNIF86uBxmPCvbvOUNlfXxZov4QJg1SXJlb7kEJG5wLRMAqLMs9-sklXaipFQm3-S&amp;__tn__=-]K-R\"><span class=\"xt0psk2\">Muni Cob\u00e1n<\/span><\/a><\/span> en apoyo a la divisi\u00f3n de La Polic\u00eda Nacional Civil, Divisi\u00f3n Nacional Contra el Desarrollo Criminal de Pandillas DIPANDA y elementos del ej\u00e9rcito realizaron el borrado de las pintas como parte de las acciones que ellos realizan en seguimiento a la investigaci\u00f3n del caso.<\/div>\n<\/div>\n<p>&nbsp;<\/p>\n<div><\/div>\n","protected":false},"excerpt":{"rendered":"<p>Como parte de las acciones que se han planificado en reuniones previas, la Gobernaci\u00f3n Departamental de Alta Verapaz en coordinaci\u00f3n con las diferentes instituciones vinculadas al tema seguridad ya han tomado acciones desde diferentes frentes. Se estar\u00e1n presentando los informes correspondientes a estas acciones y se le informa nuevamente a la poblaci\u00f3n que lo que [&hellip;]<\/p>\n","protected":false},"author":1,"featured_media":18608,"comment_status":"closed","ping_status":"open","sticky":false,"template":"","format":"gallery","meta":[],"categories":[183,205],"tags":[178],"_links":{"self":[{"href":"https:\/\/gobernacionaltaverapaz.gob.gt\/index.php?rest_route=\/wp\/v2\/posts\/18611"}],"collection":[{"href":"https:\/\/gobernacionaltaverapaz.gob.gt\/index.php?rest_route=\/wp\/v2\/posts"}],"about":[{"href":"https:\/\/gobernacionaltaverapaz.gob.gt\/index.php?rest_route=\/wp\/v2\/types\/post"}],"author":[{"embeddable":true,"href":"https:\/\/gobernacionaltaverapaz.gob.gt\/index.php?rest_route=\/wp\/v2\/users\/1"}],"replies":[{"embeddable":true,"href":"https:\/\/gobernacionaltaverapaz.gob.gt\/index.php?rest_route=%2Fwp%2Fv2%2Fcomments&post=18611"}],"version-history":[{"count":1,"href":"https:\/\/gobernacionaltaverapaz.gob.gt\/index.php?rest_route=\/wp\/v2\/posts\/18611\/revisions"}],"predecessor-version":[{"id":18612,"href":"https:\/\/gobernacionaltaverapaz.gob.gt\/index.php?rest_route=\/wp\/v2\/posts\/18611\/revisions\/18612"}],"wp:featuredmedia":[{"embeddable":true,"href":"https:\/\/gobernacionaltaverapaz.gob.gt\/index.php?rest_route=\/wp\/v2\/media\/18608"}],"wp:attachment":[{"href":"https:\/\/gobernacionaltaverapaz.gob.gt\/index.php?rest_route=%2Fwp%2Fv2%2Fmedia&parent=18611"}],"wp:term":[{"taxonomy":"category","embeddable":true,"href":"https:\/\/gobernacionaltaverapaz.gob.gt\/index.php?rest_route=%2Fwp%2Fv2%2Fcategories&post=18611"},{"taxonomy":"post_tag","embeddable":true,"href":"https:\/\/gobernacionaltaverapaz.gob.gt\/index.php?rest_route=%2Fwp%2Fv2%2Ftags&post=18611"}],"curies":[{"name":"wp","href":"https:\/\/api.w.org\/{rel}","templated":true}]}}