{"id":18635,"date":"2024-06-11T21:47:41","date_gmt":"2024-06-12T03:47:41","guid":{"rendered":"https:\/\/gobernacionaltaverapaz.gob.gt\/?p=18635"},"modified":"2024-06-18T09:50:11","modified_gmt":"2024-06-18T15:50:11","slug":"verificacion-el-trabajo-de-remozamiento-de-la-escuela-oficial-rural-mixta-aldea-naxombal","status":"publish","type":"post","link":"https:\/\/gobernacionaltaverapaz.gob.gt\/?p=18635","title":{"rendered":"Verificaci\u00f3n el trabajo de remozamiento de la Escuela Oficial Rural Mixta Aldea Naxombal"},"content":{"rendered":"<div class=\"xdj266r x11i5rnm xat24cr x1mh8g0r x1vvkbs x126k92a\">\n<div dir=\"auto\" style=\"text-align: justify;\">El presidente de la Rep\u00fablica, <span class=\"html-span xdj266r x11i5rnm xat24cr x1mh8g0r xexx8yu x4uap5 x18d9i69 xkhd6sd x1hl2dhg x16tdsg8 x1vvkbs\"><a class=\"x1i10hfl xjbqb8w x1ejq31n xd10rxx x1sy0etr x17r0tee x972fbf xcfux6l x1qhh985 xm0m39n x9f619 x1ypdohk xt0psk2 xe8uvvx xdj266r x11i5rnm xat24cr x1mh8g0r xexx8yu x4uap5 x18d9i69 xkhd6sd x16tdsg8 x1hl2dhg xggy1nq x1a2a7pz x1sur9pj xkrqix3 x1fey0fg xo1l8bm\" tabindex=\"0\" role=\"link\" href=\"https:\/\/www.facebook.com\/Dr.BernardoArevalodeLeon?__cft__[0]=AZVvUjySCNYUlmoY6J4v7Pji-IsAongQg0BzZ0VlhD7-11NBsfI_h1iSk9fmF2fnA4K4XU5BK06jxSswVwGFebTLiN27TP4NJkjky3V8S4u2Z9VLHelpOKPEpECxjqiWfJIheNazJUeJG2dzuMGmTSF-jo-5fNyf3dgDtiMNy2Kp4-1OIO-V_xbIqaRn3pe17BoyJEO5KhFIKPO60aHNunNaWLpitBudB3kSmHmcH8c2lmi2YK_0hLwJoctlPXB7Ijc&amp;__tn__=-]K-y-R\"><span class=\"xt0psk2\">Bernardo Ar\u00e9valo de Le\u00f3n<\/span><\/a><\/span> y la ministra de Educaci\u00f3n, Anabella Giracca, verificaron el trabajo de remozamiento de la Escuela Oficial Rural Mixta Aldea Naxombal, Tamah\u00fa, Alta Verapaz, que atiende a 394 estudiantes de los niveles de Preprimaria, Primaria y B\u00e1sico. Este es uno de los 4101 centros educativos incluidos en la primera fase de mejora de la infraestructura escolar a nivel nacional.<\/div>\n<\/div>\n<div class=\"x11i5rnm xat24cr x1mh8g0r x1vvkbs xtlvy1s x126k92a\" style=\"text-align: justify;\">\n<div dir=\"auto\">Los trabajos en la EORM Aldea Naxombal incluyeron la reparaci\u00f3n del techo, paredes, puertas, ventanas y la adecuaci\u00f3n del \u00e1rea de cocina para la preparaci\u00f3n segura de la alimentaci\u00f3n escolar. El resultado demuestra el \u00e9xito del trabajo colaborativo entre el <span class=\"html-span xdj266r x11i5rnm xat24cr x1mh8g0r xexx8yu x4uap5 x18d9i69 xkhd6sd x1hl2dhg x16tdsg8 x1vvkbs\"><a class=\"x1i10hfl xjbqb8w x1ejq31n xd10rxx x1sy0etr x17r0tee x972fbf xcfux6l x1qhh985 xm0m39n x9f619 x1ypdohk xt0psk2 xe8uvvx xdj266r x11i5rnm xat24cr x1mh8g0r xexx8yu x4uap5 x18d9i69 xkhd6sd x16tdsg8 x1hl2dhg xggy1nq x1a2a7pz x1sur9pj xkrqix3 x1fey0fg xo1l8bm\" tabindex=\"0\" role=\"link\" href=\"https:\/\/www.facebook.com\/hashtag\/mineduc?__eep__=6&amp;__cft__[0]=AZVvUjySCNYUlmoY6J4v7Pji-IsAongQg0BzZ0VlhD7-11NBsfI_h1iSk9fmF2fnA4K4XU5BK06jxSswVwGFebTLiN27TP4NJkjky3V8S4u2Z9VLHelpOKPEpECxjqiWfJIheNazJUeJG2dzuMGmTSF-jo-5fNyf3dgDtiMNy2Kp4-1OIO-V_xbIqaRn3pe17BoyJEO5KhFIKPO60aHNunNaWLpitBudB3kSmHmcH8c2lmi2YK_0hLwJoctlPXB7Ijc&amp;__tn__=*NK-y-R\">#Mineduc<\/a><\/span> y la Organizaci\u00f3n de Padres de Familia, que con transparencia y eficiencia ejecutaron los fondos y desarrollaron la obra.<\/div>\n<\/div>\n<div class=\"x11i5rnm xat24cr x1mh8g0r x1vvkbs xtlvy1s x126k92a\">\n<div dir=\"auto\" style=\"text-align: justify;\">El <span class=\"html-span xdj266r x11i5rnm xat24cr x1mh8g0r xexx8yu x4uap5 x18d9i69 xkhd6sd x1hl2dhg x16tdsg8 x1vvkbs\"><a class=\"x1i10hfl xjbqb8w x1ejq31n xd10rxx x1sy0etr x17r0tee x972fbf xcfux6l x1qhh985 xm0m39n x9f619 x1ypdohk xt0psk2 xe8uvvx xdj266r x11i5rnm xat24cr x1mh8g0r xexx8yu x4uap5 x18d9i69 xkhd6sd x16tdsg8 x1hl2dhg xggy1nq x1a2a7pz x1sur9pj xkrqix3 x1fey0fg xo1l8bm\" tabindex=\"0\" role=\"link\" href=\"https:\/\/www.facebook.com\/hashtag\/mineduc?__eep__=6&amp;__cft__[0]=AZVvUjySCNYUlmoY6J4v7Pji-IsAongQg0BzZ0VlhD7-11NBsfI_h1iSk9fmF2fnA4K4XU5BK06jxSswVwGFebTLiN27TP4NJkjky3V8S4u2Z9VLHelpOKPEpECxjqiWfJIheNazJUeJG2dzuMGmTSF-jo-5fNyf3dgDtiMNy2Kp4-1OIO-V_xbIqaRn3pe17BoyJEO5KhFIKPO60aHNunNaWLpitBudB3kSmHmcH8c2lmi2YK_0hLwJoctlPXB7Ijc&amp;__tn__=*NK-y-R\">#Mineduc<\/a><\/span> tiene como meta remozar 10,000 centros educativos a nivel nacional durante este a\u00f1o. Un proyecto hist\u00f3rico con el respaldo del presidente <span class=\"html-span xdj266r x11i5rnm xat24cr x1mh8g0r xexx8yu x4uap5 x18d9i69 xkhd6sd x1hl2dhg x16tdsg8 x1vvkbs\"><a class=\"x1i10hfl xjbqb8w x1ejq31n xd10rxx x1sy0etr x17r0tee x972fbf xcfux6l x1qhh985 xm0m39n x9f619 x1ypdohk xt0psk2 xe8uvvx xdj266r x11i5rnm xat24cr x1mh8g0r xexx8yu x4uap5 x18d9i69 xkhd6sd x16tdsg8 x1hl2dhg xggy1nq x1a2a7pz x1sur9pj xkrqix3 x1fey0fg xo1l8bm\" tabindex=\"0\" role=\"link\" href=\"https:\/\/www.facebook.com\/Dr.BernardoArevalodeLeon?__cft__[0]=AZVvUjySCNYUlmoY6J4v7Pji-IsAongQg0BzZ0VlhD7-11NBsfI_h1iSk9fmF2fnA4K4XU5BK06jxSswVwGFebTLiN27TP4NJkjky3V8S4u2Z9VLHelpOKPEpECxjqiWfJIheNazJUeJG2dzuMGmTSF-jo-5fNyf3dgDtiMNy2Kp4-1OIO-V_xbIqaRn3pe17BoyJEO5KhFIKPO60aHNunNaWLpitBudB3kSmHmcH8c2lmi2YK_0hLwJoctlPXB7Ijc&amp;__tn__=-]K-y-R\"><span class=\"xt0psk2\">Bernardo Ar\u00e9valo de Le\u00f3n<\/span><\/a><\/span>. Dignificar la educaci\u00f3n es una prioridad para el Gobierno, mejorar la infraestructura y fortalecer los aprendizajes son los primeros pasos para transformar el sistema educativo.<\/div>\n<\/div>\n<p>&nbsp;<\/p>\n<p>&nbsp;<\/p>\n<div><\/div>\n","protected":false},"excerpt":{"rendered":"<p>El presidente de la Rep\u00fablica, Bernardo Ar\u00e9valo de Le\u00f3n y la ministra de Educaci\u00f3n, Anabella Giracca, verificaron el trabajo de remozamiento de la Escuela Oficial Rural Mixta Aldea Naxombal, Tamah\u00fa, Alta Verapaz, que atiende a 394 estudiantes de los niveles de Preprimaria, Primaria y B\u00e1sico. Este es uno de los 4101 centros educativos incluidos en [&hellip;]<\/p>\n","protected":false},"author":1,"featured_media":18625,"comment_status":"closed","ping_status":"open","sticky":false,"template":"","format":"gallery","meta":[],"categories":[2,195],"tags":[178],"_links":{"self":[{"href":"https:\/\/gobernacionaltaverapaz.gob.gt\/index.php?rest_route=\/wp\/v2\/posts\/18635"}],"collection":[{"href":"https:\/\/gobernacionaltaverapaz.gob.gt\/index.php?rest_route=\/wp\/v2\/posts"}],"about":[{"href":"https:\/\/gobernacionaltaverapaz.gob.gt\/index.php?rest_route=\/wp\/v2\/types\/post"}],"author":[{"embeddable":true,"href":"https:\/\/gobernacionaltaverapaz.gob.gt\/index.php?rest_route=\/wp\/v2\/users\/1"}],"replies":[{"embeddable":true,"href":"https:\/\/gobernacionaltaverapaz.gob.gt\/index.php?rest_route=%2Fwp%2Fv2%2Fcomments&post=18635"}],"version-history":[{"count":1,"href":"https:\/\/gobernacionaltaverapaz.gob.gt\/index.php?rest_route=\/wp\/v2\/posts\/18635\/revisions"}],"predecessor-version":[{"id":18636,"href":"https:\/\/gobernacionaltaverapaz.gob.gt\/index.php?rest_route=\/wp\/v2\/posts\/18635\/revisions\/18636"}],"wp:featuredmedia":[{"embeddable":true,"href":"https:\/\/gobernacionaltaverapaz.gob.gt\/index.php?rest_route=\/wp\/v2\/media\/18625"}],"wp:attachment":[{"href":"https:\/\/gobernacionaltaverapaz.gob.gt\/index.php?rest_route=%2Fwp%2Fv2%2Fmedia&parent=18635"}],"wp:term":[{"taxonomy":"category","embeddable":true,"href":"https:\/\/gobernacionaltaverapaz.gob.gt\/index.php?rest_route=%2Fwp%2Fv2%2Fcategories&post=18635"},{"taxonomy":"post_tag","embeddable":true,"href":"https:\/\/gobernacionaltaverapaz.gob.gt\/index.php?rest_route=%2Fwp%2Fv2%2Ftags&post=18635"}],"curies":[{"name":"wp","href":"https:\/\/api.w.org\/{rel}","templated":true}]}}