{"id":18644,"date":"2024-06-12T20:11:30","date_gmt":"2024-06-13T02:11:30","guid":{"rendered":"https:\/\/gobernacionaltaverapaz.gob.gt\/?p=18644"},"modified":"2024-06-18T09:57:57","modified_gmt":"2024-06-18T15:57:57","slug":"gobernacion-departamental-de-alta-verapaz-coordina-medidas-para-mejorar-la-seguridad-en-el-departamento","status":"publish","type":"post","link":"https:\/\/gobernacionaltaverapaz.gob.gt\/?p=18644","title":{"rendered":"Gobernaci\u00f3n Departamental de Alta Verapaz coordina medidas para mejorar la seguridad en el departamento"},"content":{"rendered":"<div class=\"x11i5rnm xat24cr x1mh8g0r x1vvkbs xtlvy1s x126k92a\">\n<div dir=\"auto\" style=\"text-align: justify;\">Como parte de las acciones directas para contrarrestar la campa\u00f1a de desinformaci\u00f3n respecto a la seguridad en la ciudad de Cob\u00e1n, la Gobernadora Dilia Margarita C\u00f3 Coy solicit\u00f3 a la Direcci\u00f3n General de la Polic\u00eda Nacional coordinar a toda la fuerza policial de Alta Verapaz para rendir informes y dirigir operativos que garanticen la seguridad ciudadana.<\/div>\n<\/div>\n<div class=\"x11i5rnm xat24cr x1mh8g0r x1vvkbs xtlvy1s x126k92a\" style=\"text-align: justify;\">\n<div dir=\"auto\">Se hizo presente en Cob\u00e1n el Subdirector General de Operaciones Comisario General Esvin Gaspar Jacinto, para girar las instrucciones necesarias a comisarios, subcomisarios y oficiales de los 17 municipios que dirigir\u00e1n diferentes operativos en el departamento.<\/div>\n<\/div>\n<div class=\"x11i5rnm xat24cr x1mh8g0r x1vvkbs xtlvy1s x126k92a\" style=\"text-align: justify;\">\n<div dir=\"auto\">Tambi\u00e9n particip\u00f3 el alcalde de Cob\u00e1n, Felipe Pop, quien puso a disposici\u00f3n el sistema de c\u00e1maras de vigilancia C4, utilizado en coordinaci\u00f3n con las fuerzas de seguridad del Estado para identificar a los autores de hechos delictivos.<\/div>\n<\/div>\n<div class=\"x11i5rnm xat24cr x1mh8g0r x1vvkbs xtlvy1s x126k92a\">\n<div dir=\"auto\" style=\"text-align: justify;\">Le compartimos a la ciudadan\u00eda de Cob\u00e1n el tel\u00e9fono del Sistema C4 &#8211; 7951 4900<\/div>\n<\/div>\n<p>&nbsp;<\/p>\n<div><\/div>\n","protected":false},"excerpt":{"rendered":"<p>Como parte de las acciones directas para contrarrestar la campa\u00f1a de desinformaci\u00f3n respecto a la seguridad en la ciudad de Cob\u00e1n, la Gobernadora Dilia Margarita C\u00f3 Coy solicit\u00f3 a la Direcci\u00f3n General de la Polic\u00eda Nacional coordinar a toda la fuerza policial de Alta Verapaz para rendir informes y dirigir operativos que garanticen la seguridad [&hellip;]<\/p>\n","protected":false},"author":1,"featured_media":18637,"comment_status":"closed","ping_status":"open","sticky":false,"template":"","format":"gallery","meta":[],"categories":[197],"tags":[178],"_links":{"self":[{"href":"https:\/\/gobernacionaltaverapaz.gob.gt\/index.php?rest_route=\/wp\/v2\/posts\/18644"}],"collection":[{"href":"https:\/\/gobernacionaltaverapaz.gob.gt\/index.php?rest_route=\/wp\/v2\/posts"}],"about":[{"href":"https:\/\/gobernacionaltaverapaz.gob.gt\/index.php?rest_route=\/wp\/v2\/types\/post"}],"author":[{"embeddable":true,"href":"https:\/\/gobernacionaltaverapaz.gob.gt\/index.php?rest_route=\/wp\/v2\/users\/1"}],"replies":[{"embeddable":true,"href":"https:\/\/gobernacionaltaverapaz.gob.gt\/index.php?rest_route=%2Fwp%2Fv2%2Fcomments&post=18644"}],"version-history":[{"count":1,"href":"https:\/\/gobernacionaltaverapaz.gob.gt\/index.php?rest_route=\/wp\/v2\/posts\/18644\/revisions"}],"predecessor-version":[{"id":18645,"href":"https:\/\/gobernacionaltaverapaz.gob.gt\/index.php?rest_route=\/wp\/v2\/posts\/18644\/revisions\/18645"}],"wp:featuredmedia":[{"embeddable":true,"href":"https:\/\/gobernacionaltaverapaz.gob.gt\/index.php?rest_route=\/wp\/v2\/media\/18637"}],"wp:attachment":[{"href":"https:\/\/gobernacionaltaverapaz.gob.gt\/index.php?rest_route=%2Fwp%2Fv2%2Fmedia&parent=18644"}],"wp:term":[{"taxonomy":"category","embeddable":true,"href":"https:\/\/gobernacionaltaverapaz.gob.gt\/index.php?rest_route=%2Fwp%2Fv2%2Fcategories&post=18644"},{"taxonomy":"post_tag","embeddable":true,"href":"https:\/\/gobernacionaltaverapaz.gob.gt\/index.php?rest_route=%2Fwp%2Fv2%2Ftags&post=18644"}],"curies":[{"name":"wp","href":"https:\/\/api.w.org\/{rel}","templated":true}]}}