{"id":18664,"date":"2024-06-13T09:28:53","date_gmt":"2024-06-13T15:28:53","guid":{"rendered":"https:\/\/gobernacionaltaverapaz.gob.gt\/?p=18664"},"modified":"2024-06-18T10:16:38","modified_gmt":"2024-06-18T16:16:38","slug":"ciudadanos-del-municipio-de-lanquin-afectados-por-sequia-reciben-ayuda-humanitaria","status":"publish","type":"post","link":"https:\/\/gobernacionaltaverapaz.gob.gt\/?p=18664","title":{"rendered":"Ciudadanos del municipio de Lanqu\u00edn afectados por sequ\u00eda reciben ayuda humanitaria"},"content":{"rendered":"<div class=\"x11i5rnm xat24cr x1mh8g0r x1vvkbs xtlvy1s x126k92a\">\n<div dir=\"auto\" style=\"text-align: justify;\">Debido a la sequ\u00eda provocada por el fen\u00f3meno del ni\u00f1o la SE-CONRED y el MAGA han atendido las demandas de ayuda humanitaria que la Gobernadora Dilia Margarita C\u00f3 Coy ha solicitado para el departamento.<\/div>\n<\/div>\n<div class=\"x11i5rnm xat24cr x1mh8g0r x1vvkbs xtlvy1s x126k92a\">\n<div dir=\"auto\" style=\"text-align: justify;\">La entrega se realiz\u00f3 el mi\u00e9rcoles 12 y estuvo a cargo de la COMRED-Lanqu\u00edn bajo la direcci\u00f3n del alcalde Edin Rolando Pop Choc, en la que tambi\u00e9n participaron representantes institucionales de MAGA, MIDES, SESAN, INAB, MSPAS, entre otros.<\/div>\n<\/div>\n<p>&nbsp;<\/p>\n<div><\/div>\n","protected":false},"excerpt":{"rendered":"<p>Debido a la sequ\u00eda provocada por el fen\u00f3meno del ni\u00f1o la SE-CONRED y el MAGA han atendido las demandas de ayuda humanitaria que la Gobernadora Dilia Margarita C\u00f3 Coy ha solicitado para el departamento. La entrega se realiz\u00f3 el mi\u00e9rcoles 12 y estuvo a cargo de la COMRED-Lanqu\u00edn bajo la direcci\u00f3n del alcalde Edin Rolando [&hellip;]<\/p>\n","protected":false},"author":1,"featured_media":18657,"comment_status":"closed","ping_status":"open","sticky":false,"template":"","format":"gallery","meta":[],"categories":[195],"tags":[178],"_links":{"self":[{"href":"https:\/\/gobernacionaltaverapaz.gob.gt\/index.php?rest_route=\/wp\/v2\/posts\/18664"}],"collection":[{"href":"https:\/\/gobernacionaltaverapaz.gob.gt\/index.php?rest_route=\/wp\/v2\/posts"}],"about":[{"href":"https:\/\/gobernacionaltaverapaz.gob.gt\/index.php?rest_route=\/wp\/v2\/types\/post"}],"author":[{"embeddable":true,"href":"https:\/\/gobernacionaltaverapaz.gob.gt\/index.php?rest_route=\/wp\/v2\/users\/1"}],"replies":[{"embeddable":true,"href":"https:\/\/gobernacionaltaverapaz.gob.gt\/index.php?rest_route=%2Fwp%2Fv2%2Fcomments&post=18664"}],"version-history":[{"count":1,"href":"https:\/\/gobernacionaltaverapaz.gob.gt\/index.php?rest_route=\/wp\/v2\/posts\/18664\/revisions"}],"predecessor-version":[{"id":18665,"href":"https:\/\/gobernacionaltaverapaz.gob.gt\/index.php?rest_route=\/wp\/v2\/posts\/18664\/revisions\/18665"}],"wp:featuredmedia":[{"embeddable":true,"href":"https:\/\/gobernacionaltaverapaz.gob.gt\/index.php?rest_route=\/wp\/v2\/media\/18657"}],"wp:attachment":[{"href":"https:\/\/gobernacionaltaverapaz.gob.gt\/index.php?rest_route=%2Fwp%2Fv2%2Fmedia&parent=18664"}],"wp:term":[{"taxonomy":"category","embeddable":true,"href":"https:\/\/gobernacionaltaverapaz.gob.gt\/index.php?rest_route=%2Fwp%2Fv2%2Fcategories&post=18664"},{"taxonomy":"post_tag","embeddable":true,"href":"https:\/\/gobernacionaltaverapaz.gob.gt\/index.php?rest_route=%2Fwp%2Fv2%2Ftags&post=18664"}],"curies":[{"name":"wp","href":"https:\/\/api.w.org\/{rel}","templated":true}]}}