{"id":18700,"date":"2024-06-26T10:08:52","date_gmt":"2024-06-26T16:08:52","guid":{"rendered":"https:\/\/gobernacionaltaverapaz.gob.gt\/?p=18700"},"modified":"2024-06-28T09:50:16","modified_gmt":"2024-06-28T15:50:16","slug":"galardon-magisterial-maria-chinchilla-2024","status":"publish","type":"post","link":"https:\/\/gobernacionaltaverapaz.gob.gt\/?p=18700","title":{"rendered":"Galard\u00f3n Magisterial Mar\u00eda Chinchilla 2024"},"content":{"rendered":"<div class=\"html-div xe8uvvx xdj266r x11i5rnm xat24cr x1mh8g0r xexx8yu x4uap5 x18d9i69 xkhd6sd\" dir=\"auto\">\n<div id=\":R2lblbal6l5bb9l5qq9papd5aqH2:\" class=\"x1iorvi4 x1pi30zi x1l90r2v x1swvt13\" data-ad-comet-preview=\"message\" data-ad-preview=\"message\">\n<div class=\"x78zum5 xdt5ytf xz62fqu x16ldp7u\">\n<div class=\"xu06os2 x1ok221b\">\n<div class=\"xdj266r x11i5rnm xat24cr x1mh8g0r x1vvkbs x126k92a\">\n<div dir=\"auto\" style=\"text-align: justify;\">Felicitaciones a los docentes que fueron premiados con el Galard\u00f3n Magisterial Mar\u00eda Chinchilla 2024 y a la <span class=\"html-span xdj266r x11i5rnm xat24cr x1mh8g0r xexx8yu x4uap5 x18d9i69 xkhd6sd x1hl2dhg x16tdsg8 x1vvkbs\"><a class=\"x1i10hfl xjbqb8w x1ejq31n xd10rxx x1sy0etr x17r0tee x972fbf xcfux6l x1qhh985 xm0m39n x9f619 x1ypdohk xt0psk2 xe8uvvx xdj266r x11i5rnm xat24cr x1mh8g0r xexx8yu x4uap5 x18d9i69 xkhd6sd x16tdsg8 x1hl2dhg xggy1nq x1a2a7pz x1sur9pj xkrqix3 x1fey0fg xo1l8bm\" tabindex=\"0\" role=\"link\" href=\"https:\/\/www.facebook.com\/dideducavoficial?__cft__[0]=AZU1YCl0_zuNnzQJs5Hz34StE5gNKSS8trRkM3cUWmokeQq7P6FYGWWclrueeTVBQLFJOfHiDUS4Qk3NijspujOPENIoIXOEvStf3dS4f_rWy_8xr2R9eOuxw-MoBPASt-ZRZbN9A42-xS58Yu6Ah6DcWanKacsMuy0G1mOBqfqhbPQmoV6QMp00_uxaaRcwG3Om5qQoo1b6X0e_VJOlqeqszLJp2e0X25DODqS2hnCp14mqCy1O9tM3xJ8IzzvFp2s&amp;__tn__=-]K-R\"><span class=\"xt0psk2\">Direcci\u00f3n Departamental de Educaci\u00f3n Alta Verapaz P\u00e1gina Oficial<\/span><\/a><\/span> por la organizaci\u00f3n de tan significativo evento en el D\u00eda del Maestro.<\/div>\n<\/div>\n<div class=\"x11i5rnm xat24cr x1mh8g0r x1vvkbs xtlvy1s x126k92a\">\n<div dir=\"auto\" style=\"text-align: justify;\"><span class=\"html-span xdj266r x11i5rnm xat24cr x1mh8g0r xexx8yu x4uap5 x18d9i69 xkhd6sd x1hl2dhg x16tdsg8 x1vvkbs\"><a class=\"x1i10hfl xjbqb8w x1ejq31n xd10rxx x1sy0etr x17r0tee x972fbf xcfux6l x1qhh985 xm0m39n x9f619 x1ypdohk xt0psk2 xe8uvvx xdj266r x11i5rnm xat24cr x1mh8g0r xexx8yu x4uap5 x18d9i69 xkhd6sd x16tdsg8 x1hl2dhg xggy1nq x1a2a7pz x1sur9pj xkrqix3 x1fey0fg xo1l8bm\" tabindex=\"0\" role=\"link\" href=\"https:\/\/www.facebook.com\/hashtag\/guatemalasaleadelante?__eep__=6&amp;__cft__[0]=AZU1YCl0_zuNnzQJs5Hz34StE5gNKSS8trRkM3cUWmokeQq7P6FYGWWclrueeTVBQLFJOfHiDUS4Qk3NijspujOPENIoIXOEvStf3dS4f_rWy_8xr2R9eOuxw-MoBPASt-ZRZbN9A42-xS58Yu6Ah6DcWanKacsMuy0G1mOBqfqhbPQmoV6QMp00_uxaaRcwG3Om5qQoo1b6X0e_VJOlqeqszLJp2e0X25DODqS2hnCp14mqCy1O9tM3xJ8IzzvFp2s&amp;__tn__=*NK-R\">#GuatemalaSaleAdelante<\/a><\/span> <span class=\"html-span xdj266r x11i5rnm xat24cr x1mh8g0r xexx8yu x4uap5 x18d9i69 xkhd6sd x1hl2dhg x16tdsg8 x1vvkbs\"><a class=\"x1i10hfl xjbqb8w x1ejq31n xd10rxx x1sy0etr x17r0tee x972fbf xcfux6l x1qhh985 xm0m39n x9f619 x1ypdohk xt0psk2 xe8uvvx xdj266r x11i5rnm xat24cr x1mh8g0r xexx8yu x4uap5 x18d9i69 xkhd6sd x16tdsg8 x1hl2dhg xggy1nq x1a2a7pz x1sur9pj xkrqix3 x1fey0fg xo1l8bm\" tabindex=\"0\" role=\"link\" href=\"https:\/\/www.facebook.com\/hashtag\/educaci%C3%B3naltaverapaz?__eep__=6&amp;__cft__[0]=AZU1YCl0_zuNnzQJs5Hz34StE5gNKSS8trRkM3cUWmokeQq7P6FYGWWclrueeTVBQLFJOfHiDUS4Qk3NijspujOPENIoIXOEvStf3dS4f_rWy_8xr2R9eOuxw-MoBPASt-ZRZbN9A42-xS58Yu6Ah6DcWanKacsMuy0G1mOBqfqhbPQmoV6QMp00_uxaaRcwG3Om5qQoo1b6X0e_VJOlqeqszLJp2e0X25DODqS2hnCp14mqCy1O9tM3xJ8IzzvFp2s&amp;__tn__=*NK-R\">#Educaci\u00f3nAltaVerapaz<\/a><\/span><\/div>\n<\/div>\n<\/div>\n<\/div>\n<\/div>\n<\/div>\n<p>&nbsp;<\/p>\n<p>&nbsp;<\/p>\n<div><\/div>\n<p>&nbsp;<\/p>\n<p>&nbsp;<\/p>\n<p><a href=\"https:\/\/www.facebook.com\/photo\/?fbid=122180339228019844&amp;set=pcb.122180346662019844\"><img decoding=\"async\" loading=\"lazy\" class=\"alignnone wp-image-18701 size-full\" title=\"Ver galer\u00eda en Facebook\" src=\"https:\/\/gobernacionaltaverapaz.gob.gt\/wp-content\/uploads\/2024\/06\/galeria.jpg\" alt=\"\" width=\"215\" height=\"71\" \/><\/a><\/p>\n","protected":false},"excerpt":{"rendered":"<p>Felicitaciones a los docentes que fueron premiados con el Galard\u00f3n Magisterial Mar\u00eda Chinchilla 2024 y a la Direcci\u00f3n Departamental de Educaci\u00f3n Alta Verapaz P\u00e1gina Oficial por la organizaci\u00f3n de tan significativo evento en el D\u00eda del Maestro. #GuatemalaSaleAdelante #Educaci\u00f3nAltaVerapaz &nbsp; &nbsp; &nbsp; &nbsp;<\/p>\n","protected":false},"author":1,"featured_media":18689,"comment_status":"closed","ping_status":"open","sticky":false,"template":"","format":"gallery","meta":[],"categories":[183,2],"tags":[178],"_links":{"self":[{"href":"https:\/\/gobernacionaltaverapaz.gob.gt\/index.php?rest_route=\/wp\/v2\/posts\/18700"}],"collection":[{"href":"https:\/\/gobernacionaltaverapaz.gob.gt\/index.php?rest_route=\/wp\/v2\/posts"}],"about":[{"href":"https:\/\/gobernacionaltaverapaz.gob.gt\/index.php?rest_route=\/wp\/v2\/types\/post"}],"author":[{"embeddable":true,"href":"https:\/\/gobernacionaltaverapaz.gob.gt\/index.php?rest_route=\/wp\/v2\/users\/1"}],"replies":[{"embeddable":true,"href":"https:\/\/gobernacionaltaverapaz.gob.gt\/index.php?rest_route=%2Fwp%2Fv2%2Fcomments&post=18700"}],"version-history":[{"count":1,"href":"https:\/\/gobernacionaltaverapaz.gob.gt\/index.php?rest_route=\/wp\/v2\/posts\/18700\/revisions"}],"predecessor-version":[{"id":18702,"href":"https:\/\/gobernacionaltaverapaz.gob.gt\/index.php?rest_route=\/wp\/v2\/posts\/18700\/revisions\/18702"}],"wp:featuredmedia":[{"embeddable":true,"href":"https:\/\/gobernacionaltaverapaz.gob.gt\/index.php?rest_route=\/wp\/v2\/media\/18689"}],"wp:attachment":[{"href":"https:\/\/gobernacionaltaverapaz.gob.gt\/index.php?rest_route=%2Fwp%2Fv2%2Fmedia&parent=18700"}],"wp:term":[{"taxonomy":"category","embeddable":true,"href":"https:\/\/gobernacionaltaverapaz.gob.gt\/index.php?rest_route=%2Fwp%2Fv2%2Fcategories&post=18700"},{"taxonomy":"post_tag","embeddable":true,"href":"https:\/\/gobernacionaltaverapaz.gob.gt\/index.php?rest_route=%2Fwp%2Fv2%2Ftags&post=18700"}],"curies":[{"name":"wp","href":"https:\/\/api.w.org\/{rel}","templated":true}]}}