{"id":18723,"date":"2024-06-24T08:30:13","date_gmt":"2024-06-24T14:30:13","guid":{"rendered":"https:\/\/gobernacionaltaverapaz.gob.gt\/?p=18723"},"modified":"2024-06-28T10:33:19","modified_gmt":"2024-06-28T16:33:19","slug":"acto-de-clausura-como-parte-de-las-actividades-de-formacion-militar-en-coban","status":"publish","type":"post","link":"https:\/\/gobernacionaltaverapaz.gob.gt\/?p=18723","title":{"rendered":"Acto de clausura como parte de las actividades de formaci\u00f3n militar en Cob\u00e1n"},"content":{"rendered":"<p style=\"text-align: justify;\"><span class=\"x193iq5w xeuugli x13faqbe x1vvkbs x1xmvt09 x1lliihq x1s928wv xhkezso x1gmr53x x1cpjm7i x1fgarty x1943h6x xudqn12 x3x7a5m x6prxxf xvq8zen xo1l8bm xzsf02u x1yc453h\" dir=\"auto\">El pasado viernes 21 de junio la Gobernadora Dilia Margarita C\u00f3 Coy en conjunto con la Coronel de Sanidad Militar DEM Hilda Obeyda Gonz\u00e1lez Klusmann Comandante del Comando Regional de Entrenamiento de Operaciones de Mantenimiento de Paz -CREOMPAZ- particip\u00f3 en un acto de clausura como parte de las actividades de formaci\u00f3n militar en Cob\u00e1n.<\/span><\/p>\n<p>&nbsp;<\/p>\n<p>&nbsp;<\/p>\n<div><\/div>\n","protected":false},"excerpt":{"rendered":"<p>El pasado viernes 21 de junio la Gobernadora Dilia Margarita C\u00f3 Coy en conjunto con la Coronel de Sanidad Militar DEM Hilda Obeyda Gonz\u00e1lez Klusmann Comandante del Comando Regional de Entrenamiento de Operaciones de Mantenimiento de Paz -CREOMPAZ- particip\u00f3 en un acto de clausura como parte de las actividades de formaci\u00f3n militar en Cob\u00e1n. &nbsp; [&hellip;]<\/p>\n","protected":false},"author":1,"featured_media":18724,"comment_status":"closed","ping_status":"open","sticky":false,"template":"","format":"gallery","meta":[],"categories":[183,2],"tags":[178],"_links":{"self":[{"href":"https:\/\/gobernacionaltaverapaz.gob.gt\/index.php?rest_route=\/wp\/v2\/posts\/18723"}],"collection":[{"href":"https:\/\/gobernacionaltaverapaz.gob.gt\/index.php?rest_route=\/wp\/v2\/posts"}],"about":[{"href":"https:\/\/gobernacionaltaverapaz.gob.gt\/index.php?rest_route=\/wp\/v2\/types\/post"}],"author":[{"embeddable":true,"href":"https:\/\/gobernacionaltaverapaz.gob.gt\/index.php?rest_route=\/wp\/v2\/users\/1"}],"replies":[{"embeddable":true,"href":"https:\/\/gobernacionaltaverapaz.gob.gt\/index.php?rest_route=%2Fwp%2Fv2%2Fcomments&post=18723"}],"version-history":[{"count":1,"href":"https:\/\/gobernacionaltaverapaz.gob.gt\/index.php?rest_route=\/wp\/v2\/posts\/18723\/revisions"}],"predecessor-version":[{"id":18725,"href":"https:\/\/gobernacionaltaverapaz.gob.gt\/index.php?rest_route=\/wp\/v2\/posts\/18723\/revisions\/18725"}],"wp:featuredmedia":[{"embeddable":true,"href":"https:\/\/gobernacionaltaverapaz.gob.gt\/index.php?rest_route=\/wp\/v2\/media\/18724"}],"wp:attachment":[{"href":"https:\/\/gobernacionaltaverapaz.gob.gt\/index.php?rest_route=%2Fwp%2Fv2%2Fmedia&parent=18723"}],"wp:term":[{"taxonomy":"category","embeddable":true,"href":"https:\/\/gobernacionaltaverapaz.gob.gt\/index.php?rest_route=%2Fwp%2Fv2%2Fcategories&post=18723"},{"taxonomy":"post_tag","embeddable":true,"href":"https:\/\/gobernacionaltaverapaz.gob.gt\/index.php?rest_route=%2Fwp%2Fv2%2Ftags&post=18723"}],"curies":[{"name":"wp","href":"https:\/\/api.w.org\/{rel}","templated":true}]}}