{"id":18734,"date":"2024-06-19T16:45:34","date_gmt":"2024-06-19T22:45:34","guid":{"rendered":"https:\/\/gobernacionaltaverapaz.gob.gt\/?p=18734"},"modified":"2026-01-11T22:15:36","modified_gmt":"2026-01-12T04:15:36","slug":"gobernadora-dilia-margarita-co-coy-dirigio-la-mesa-de-atencion-a-la-conflictividad","status":"publish","type":"post","link":"https:\/\/gobernacionaltaverapaz.gob.gt\/?p=18734","title":{"rendered":"Gobernadora Dilia Margarita C\u00f3 Coy dirigi\u00f3 la Mesa de Atenci\u00f3n a la Conflictividad"},"content":{"rendered":"<div class=\"html-div xe8uvvx xdj266r x11i5rnm xat24cr x1mh8g0r xexx8yu x4uap5 x18d9i69 xkhd6sd\" dir=\"auto\">\n<div id=\":r1cq:\" class=\"x1iorvi4 x1pi30zi x1l90r2v x1swvt13\" data-ad-comet-preview=\"message\" data-ad-preview=\"message\">\n<div class=\"x78zum5 xdt5ytf xz62fqu x16ldp7u\">\n<div class=\"xu06os2 x1ok221b\">\n<div class=\"xdj266r x11i5rnm xat24cr x1mh8g0r x1vvkbs x126k92a\">\n<div dir=\"auto\" style=\"text-align: justify;\">Esta ma\u00f1ana la Gobernadora Dilia Margarita C\u00f3 Coy dirigi\u00f3 la Mesa de Atenci\u00f3n a la Conflictividad en la que se plante\u00f3 la Ruta para la Atenci\u00f3n de la Conflictividad en Alta Verapaz en coordinaci\u00f3n con las diferentes instituciones estatales y organizaciones no gubernamentales involucradas en la b\u00fasqueda de soluciones a este problema en el departamento.<\/div>\n<\/div>\n<div class=\"x11i5rnm xat24cr x1mh8g0r x1vvkbs xtlvy1s x126k92a\" style=\"text-align: justify;\">\n<div dir=\"auto\">En la mesa tambi\u00e9n estuvo presente el Director Ejecutivo de la Comisi\u00f3n Presidencial para la Paz y los Derechos Humanos, licenciado H\u00e9ctor Oswaldo Samayoa Sosa, quien comparti\u00f3 la pol\u00edtica que el gobierno del Presidente Bernardo Ar\u00e9valo est\u00e1 impulsando en el pa\u00eds, en relaci\u00f3n a la priorizaci\u00f3n del cumplimiento de los Derechos Humanos en todos los procesos que involucren instituciones del Estado.<\/div>\n<div dir=\"auto\"><\/div>\n<\/div>\n<div class=\"x11i5rnm xat24cr x1mh8g0r x1vvkbs xtlvy1s x126k92a\">\n<div dir=\"auto\" style=\"text-align: justify;\"><span class=\"html-span xdj266r x11i5rnm xat24cr x1mh8g0r xexx8yu x4uap5 x18d9i69 xkhd6sd x1hl2dhg x16tdsg8 x1vvkbs\"><a class=\"x1i10hfl xjbqb8w x1ejq31n xd10rxx x1sy0etr x17r0tee x972fbf xcfux6l x1qhh985 xm0m39n x9f619 x1ypdohk xt0psk2 xe8uvvx xdj266r x11i5rnm xat24cr x1mh8g0r xexx8yu x4uap5 x18d9i69 xkhd6sd x16tdsg8 x1hl2dhg xggy1nq x1a2a7pz x1sur9pj xkrqix3 x1fey0fg xo1l8bm\" tabindex=\"0\" role=\"link\" href=\"https:\/\/www.facebook.com\/hashtag\/guatemalasaleadelante?__eep__=6&amp;__cft__[0]=AZUvgpezuTKFv2zX8TLvR-BaGdNYsQYuOkXMAs_y4lbFkph_JijZUPMFAKc0FhGh6Tb_Vnw6A3AqZzPhF6dj8ZXJy_9GN5mJxQeoGiW4RUvIBYc5Ie_g4lifkHno6__kFeuPBJFDJnVUaQVn-nijYhEpcBvzJdX7yda17kLokluGbjZURdqy8nVsvHWaGhAOCTeH0pkES113CjdreelQbmxD&amp;__tn__=*NK-R\">#GuatemalaSaleAdelante<\/a><\/span> <span class=\"html-span xdj266r x11i5rnm xat24cr x1mh8g0r xexx8yu x4uap5 x18d9i69 xkhd6sd x1hl2dhg x16tdsg8 x1vvkbs\"><a class=\"x1i10hfl xjbqb8w x1ejq31n xd10rxx x1sy0etr x17r0tee x972fbf xcfux6l x1qhh985 xm0m39n x9f619 x1ypdohk xt0psk2 xe8uvvx xdj266r x11i5rnm xat24cr x1mh8g0r xexx8yu x4uap5 x18d9i69 xkhd6sd x16tdsg8 x1hl2dhg xggy1nq x1a2a7pz x1sur9pj xkrqix3 x1fey0fg xo1l8bm\" tabindex=\"0\" role=\"link\" href=\"https:\/\/www.facebook.com\/COPADEHGT?__cft__[0]=AZUvgpezuTKFv2zX8TLvR-BaGdNYsQYuOkXMAs_y4lbFkph_JijZUPMFAKc0FhGh6Tb_Vnw6A3AqZzPhF6dj8ZXJy_9GN5mJxQeoGiW4RUvIBYc5Ie_g4lifkHno6__kFeuPBJFDJnVUaQVn-nijYhEpcBvzJdX7yda17kLokluGbjZURdqy8nVsvHWaGhAOCTeH0pkES113CjdreelQbmxD&amp;__tn__=-]K-R\"><span class=\"xt0psk2\">Comisi\u00f3n Presidencial por la Paz y los Derechos Humanos<\/span><\/a><\/span><\/div>\n<\/div>\n<\/div>\n<\/div>\n<\/div>\n<\/div>\n<p>&nbsp;<\/p>\n<p>&nbsp;<\/p>\n<p>&nbsp;<\/p>\n<div><\/div>\n","protected":false},"excerpt":{"rendered":"<p>Esta ma\u00f1ana la Gobernadora Dilia Margarita C\u00f3 Coy dirigi\u00f3 la Mesa de Atenci\u00f3n a la Conflictividad en la que se plante\u00f3 la Ruta para la Atenci\u00f3n de la Conflictividad en Alta Verapaz en coordinaci\u00f3n con las diferentes instituciones estatales y organizaciones no gubernamentales involucradas en la b\u00fasqueda de soluciones a este problema en el departamento. [&hellip;]<\/p>\n","protected":false},"author":1,"featured_media":18726,"comment_status":"closed","ping_status":"open","sticky":false,"template":"","format":"gallery","meta":[],"categories":[214,1],"tags":[],"_links":{"self":[{"href":"https:\/\/gobernacionaltaverapaz.gob.gt\/index.php?rest_route=\/wp\/v2\/posts\/18734"}],"collection":[{"href":"https:\/\/gobernacionaltaverapaz.gob.gt\/index.php?rest_route=\/wp\/v2\/posts"}],"about":[{"href":"https:\/\/gobernacionaltaverapaz.gob.gt\/index.php?rest_route=\/wp\/v2\/types\/post"}],"author":[{"embeddable":true,"href":"https:\/\/gobernacionaltaverapaz.gob.gt\/index.php?rest_route=\/wp\/v2\/users\/1"}],"replies":[{"embeddable":true,"href":"https:\/\/gobernacionaltaverapaz.gob.gt\/index.php?rest_route=%2Fwp%2Fv2%2Fcomments&post=18734"}],"version-history":[{"count":1,"href":"https:\/\/gobernacionaltaverapaz.gob.gt\/index.php?rest_route=\/wp\/v2\/posts\/18734\/revisions"}],"predecessor-version":[{"id":18735,"href":"https:\/\/gobernacionaltaverapaz.gob.gt\/index.php?rest_route=\/wp\/v2\/posts\/18734\/revisions\/18735"}],"wp:featuredmedia":[{"embeddable":true,"href":"https:\/\/gobernacionaltaverapaz.gob.gt\/index.php?rest_route=\/wp\/v2\/media\/18726"}],"wp:attachment":[{"href":"https:\/\/gobernacionaltaverapaz.gob.gt\/index.php?rest_route=%2Fwp%2Fv2%2Fmedia&parent=18734"}],"wp:term":[{"taxonomy":"category","embeddable":true,"href":"https:\/\/gobernacionaltaverapaz.gob.gt\/index.php?rest_route=%2Fwp%2Fv2%2Fcategories&post=18734"},{"taxonomy":"post_tag","embeddable":true,"href":"https:\/\/gobernacionaltaverapaz.gob.gt\/index.php?rest_route=%2Fwp%2Fv2%2Ftags&post=18734"}],"curies":[{"name":"wp","href":"https:\/\/api.w.org\/{rel}","templated":true}]}}