{"id":18750,"date":"2024-06-19T07:05:37","date_gmt":"2024-06-19T13:05:37","guid":{"rendered":"https:\/\/gobernacionaltaverapaz.gob.gt\/?p=18750"},"modified":"2024-06-28T11:38:06","modified_gmt":"2024-06-28T17:38:06","slug":"grupo-gestor-de-coban-realizo-una-visita-a-la-gobernadora-dilia-margarita-co-coy","status":"publish","type":"post","link":"https:\/\/gobernacionaltaverapaz.gob.gt\/?p=18750","title":{"rendered":"Grupo Gestor de Cob\u00e1n realiz\u00f3 una visita a la Gobernadora Dilia Margarita C\u00f3 Coy"},"content":{"rendered":"<div class=\"xdj266r x11i5rnm xat24cr x1mh8g0r x1vvkbs x126k92a\">\n<div dir=\"auto\" style=\"text-align: justify;\">El Grupo Gestor de Cob\u00e1n realiz\u00f3 una visita a la Gobernadora Dilia Margarita C\u00f3 Coy con el objetivo de presentar algunas iniciativas que tienen como objetivo promover en la regi\u00f3n el turismo, la empresarialidad e impulsar a artistas y artesanos.<\/div>\n<\/div>\n<div class=\"x11i5rnm xat24cr x1mh8g0r x1vvkbs xtlvy1s x126k92a\">\n<div dir=\"auto\" style=\"text-align: justify;\">Anunciaron que en el mes de agosto tendr\u00e1n un Intercambio Cultural con la Rep\u00fablica de El Salvador y que estar\u00e1n haciendo los preparativos durante las pr\u00f3ximas semanas, para lo que requirieron el apoyo institucional de Gobernaci\u00f3n Departamental.<\/div>\n<\/div>\n<p>&nbsp;<\/p>\n<div><\/div>\n","protected":false},"excerpt":{"rendered":"<p>El Grupo Gestor de Cob\u00e1n realiz\u00f3 una visita a la Gobernadora Dilia Margarita C\u00f3 Coy con el objetivo de presentar algunas iniciativas que tienen como objetivo promover en la regi\u00f3n el turismo, la empresarialidad e impulsar a artistas y artesanos. Anunciaron que en el mes de agosto tendr\u00e1n un Intercambio Cultural con la Rep\u00fablica de [&hellip;]<\/p>\n","protected":false},"author":1,"featured_media":18751,"comment_status":"closed","ping_status":"open","sticky":false,"template":"","format":"gallery","meta":[],"categories":[183],"tags":[178],"_links":{"self":[{"href":"https:\/\/gobernacionaltaverapaz.gob.gt\/index.php?rest_route=\/wp\/v2\/posts\/18750"}],"collection":[{"href":"https:\/\/gobernacionaltaverapaz.gob.gt\/index.php?rest_route=\/wp\/v2\/posts"}],"about":[{"href":"https:\/\/gobernacionaltaverapaz.gob.gt\/index.php?rest_route=\/wp\/v2\/types\/post"}],"author":[{"embeddable":true,"href":"https:\/\/gobernacionaltaverapaz.gob.gt\/index.php?rest_route=\/wp\/v2\/users\/1"}],"replies":[{"embeddable":true,"href":"https:\/\/gobernacionaltaverapaz.gob.gt\/index.php?rest_route=%2Fwp%2Fv2%2Fcomments&post=18750"}],"version-history":[{"count":1,"href":"https:\/\/gobernacionaltaverapaz.gob.gt\/index.php?rest_route=\/wp\/v2\/posts\/18750\/revisions"}],"predecessor-version":[{"id":18752,"href":"https:\/\/gobernacionaltaverapaz.gob.gt\/index.php?rest_route=\/wp\/v2\/posts\/18750\/revisions\/18752"}],"wp:featuredmedia":[{"embeddable":true,"href":"https:\/\/gobernacionaltaverapaz.gob.gt\/index.php?rest_route=\/wp\/v2\/media\/18751"}],"wp:attachment":[{"href":"https:\/\/gobernacionaltaverapaz.gob.gt\/index.php?rest_route=%2Fwp%2Fv2%2Fmedia&parent=18750"}],"wp:term":[{"taxonomy":"category","embeddable":true,"href":"https:\/\/gobernacionaltaverapaz.gob.gt\/index.php?rest_route=%2Fwp%2Fv2%2Fcategories&post=18750"},{"taxonomy":"post_tag","embeddable":true,"href":"https:\/\/gobernacionaltaverapaz.gob.gt\/index.php?rest_route=%2Fwp%2Fv2%2Ftags&post=18750"}],"curies":[{"name":"wp","href":"https:\/\/api.w.org\/{rel}","templated":true}]}}