{"id":18793,"date":"2024-06-17T11:45:39","date_gmt":"2024-06-17T17:45:39","guid":{"rendered":"https:\/\/gobernacionaltaverapaz.gob.gt\/?p=18793"},"modified":"2024-06-28T12:35:17","modified_gmt":"2024-06-28T18:35:17","slug":"se-hicieron-acuerdos-para-implementar-programas-educativos-y-campanas-de-concientizacion-para-prevenir-la-violencia","status":"publish","type":"post","link":"https:\/\/gobernacionaltaverapaz.gob.gt\/?p=18793","title":{"rendered":"Se hicieron acuerdos para implementar programas educativos y campa\u00f1as de concientizaci\u00f3n para prevenir la violencia"},"content":{"rendered":"<div class=\"html-div xe8uvvx xdj266r x11i5rnm xat24cr x1mh8g0r xexx8yu x4uap5 x18d9i69 xkhd6sd\" dir=\"auto\">\n<div id=\":r1c9:\" class=\"x1iorvi4 x1pi30zi x1l90r2v x1swvt13\" data-ad-comet-preview=\"message\" data-ad-preview=\"message\">\n<div class=\"x78zum5 xdt5ytf xz62fqu x16ldp7u\">\n<div class=\"xu06os2 x1ok221b\">\n<div class=\"xdj266r x11i5rnm xat24cr x1mh8g0r x1vvkbs x126k92a\">\n<div dir=\"auto\" style=\"text-align: justify;\">El viernes 14 en la Comisi\u00f3n Departamental de la Mujer CODEMUJER se presentaron los resultados de la Encuesta Nacional de Calidad y Bienestar de los Hogares -ENCABIH- que muestra la alarmante prevalencia de violencia contra mujeres en Alta Verapaz, datos proporcionados por la Delegaci\u00f3n Departamental del <span class=\"html-span xdj266r x11i5rnm xat24cr x1mh8g0r xexx8yu x4uap5 x18d9i69 xkhd6sd x1hl2dhg x16tdsg8 x1vvkbs\"><a class=\"x1i10hfl xjbqb8w x1ejq31n xd10rxx x1sy0etr x17r0tee x972fbf xcfux6l x1qhh985 xm0m39n x9f619 x1ypdohk xt0psk2 xe8uvvx xdj266r x11i5rnm xat24cr x1mh8g0r xexx8yu x4uap5 x18d9i69 xkhd6sd x16tdsg8 x1hl2dhg xggy1nq x1a2a7pz x1sur9pj xkrqix3 x1fey0fg xo1l8bm\" tabindex=\"0\" role=\"link\" href=\"https:\/\/www.facebook.com\/estadisticagt?__cft__[0]=AZUR_WrDc5fZNIbmA41YSdIDjbBh9gfyhwE8AsIPmWsq5nKU_o_xJkZkxlI0_hQNmVgcxExBtzx3pOrYP5ddK-aI_ugS9XXP15pHsD9eTGK9FNb15NF6monkWfIHaoInZ_S9GUmU9D509DswXIF1YIlxwbU6bh8ganDaEXQcBvmv3baxEW-5SMj0L9ODaW0HD5KHJcsacj245LCh3eCqanfx&amp;__tn__=-]K-R\"><span class=\"xt0psk2\">INE Guatemala<\/span><\/a><\/span>.<\/div>\n<\/div>\n<div class=\"x11i5rnm xat24cr x1mh8g0r x1vvkbs xtlvy1s x126k92a\" style=\"text-align: justify;\">\n<div dir=\"auto\">Se hicieron acuerdos para implementar programas educativos y campa\u00f1as de concientizaci\u00f3n para prevenir la violencia de g\u00e9nero. Tambi\u00e9n se acord\u00f3 promover la coordinaci\u00f3n interinstitucional para generar planes de acci\u00f3n concretos.<\/div>\n<\/div>\n<div class=\"x11i5rnm xat24cr x1mh8g0r x1vvkbs xtlvy1s x126k92a\">\n<div dir=\"auto\" style=\"text-align: justify;\">El compromiso es fortalecer el marco legal y trabajar juntos para crear un entorno seguro y libre de violencia para todos y todas.<\/div>\n<div dir=\"auto\"><\/div>\n<\/div>\n<div class=\"x11i5rnm xat24cr x1mh8g0r x1vvkbs xtlvy1s x126k92a\">\n<div dir=\"auto\"><span class=\"html-span xdj266r x11i5rnm xat24cr x1mh8g0r xexx8yu x4uap5 x18d9i69 xkhd6sd x1hl2dhg x16tdsg8 x1vvkbs\"><a class=\"x1i10hfl xjbqb8w x1ejq31n xd10rxx x1sy0etr x17r0tee x972fbf xcfux6l x1qhh985 xm0m39n x9f619 x1ypdohk xt0psk2 xe8uvvx xdj266r x11i5rnm xat24cr x1mh8g0r xexx8yu x4uap5 x18d9i69 xkhd6sd x16tdsg8 x1hl2dhg xggy1nq x1a2a7pz x1sur9pj xkrqix3 x1fey0fg xo1l8bm\" tabindex=\"0\" role=\"link\" href=\"https:\/\/www.facebook.com\/hashtag\/guatemalasaleadelante?__eep__=6&amp;__cft__[0]=AZUR_WrDc5fZNIbmA41YSdIDjbBh9gfyhwE8AsIPmWsq5nKU_o_xJkZkxlI0_hQNmVgcxExBtzx3pOrYP5ddK-aI_ugS9XXP15pHsD9eTGK9FNb15NF6monkWfIHaoInZ_S9GUmU9D509DswXIF1YIlxwbU6bh8ganDaEXQcBvmv3baxEW-5SMj0L9ODaW0HD5KHJcsacj245LCh3eCqanfx&amp;__tn__=*NK-R\">#GuatemalaSaleAdelante<\/a><\/span> <span class=\"html-span xdj266r x11i5rnm xat24cr x1mh8g0r xexx8yu x4uap5 x18d9i69 xkhd6sd x1hl2dhg x16tdsg8 x1vvkbs\"><a class=\"x1i10hfl xjbqb8w x1ejq31n xd10rxx x1sy0etr x17r0tee x972fbf xcfux6l x1qhh985 xm0m39n x9f619 x1ypdohk xt0psk2 xe8uvvx xdj266r x11i5rnm xat24cr x1mh8g0r xexx8yu x4uap5 x18d9i69 xkhd6sd x16tdsg8 x1hl2dhg xggy1nq x1a2a7pz x1sur9pj xkrqix3 x1fey0fg xo1l8bm\" tabindex=\"0\" role=\"link\" href=\"https:\/\/www.facebook.com\/hashtag\/codemujerav?__eep__=6&amp;__cft__[0]=AZUR_WrDc5fZNIbmA41YSdIDjbBh9gfyhwE8AsIPmWsq5nKU_o_xJkZkxlI0_hQNmVgcxExBtzx3pOrYP5ddK-aI_ugS9XXP15pHsD9eTGK9FNb15NF6monkWfIHaoInZ_S9GUmU9D509DswXIF1YIlxwbU6bh8ganDaEXQcBvmv3baxEW-5SMj0L9ODaW0HD5KHJcsacj245LCh3eCqanfx&amp;__tn__=*NK-R\">#CODEMUJERAV<\/a><\/span> <span class=\"html-span xdj266r x11i5rnm xat24cr x1mh8g0r xexx8yu x4uap5 x18d9i69 xkhd6sd x1hl2dhg x16tdsg8 x1vvkbs\"><a class=\"x1i10hfl xjbqb8w x1ejq31n xd10rxx x1sy0etr x17r0tee x972fbf xcfux6l x1qhh985 xm0m39n x9f619 x1ypdohk xt0psk2 xe8uvvx xdj266r x11i5rnm xat24cr x1mh8g0r xexx8yu x4uap5 x18d9i69 xkhd6sd x16tdsg8 x1hl2dhg xggy1nq x1a2a7pz x1sur9pj xkrqix3 x1fey0fg xo1l8bm\" tabindex=\"0\" role=\"link\" href=\"https:\/\/www.facebook.com\/hashtag\/gobaltaverapaz?__eep__=6&amp;__cft__[0]=AZUR_WrDc5fZNIbmA41YSdIDjbBh9gfyhwE8AsIPmWsq5nKU_o_xJkZkxlI0_hQNmVgcxExBtzx3pOrYP5ddK-aI_ugS9XXP15pHsD9eTGK9FNb15NF6monkWfIHaoInZ_S9GUmU9D509DswXIF1YIlxwbU6bh8ganDaEXQcBvmv3baxEW-5SMj0L9ODaW0HD5KHJcsacj245LCh3eCqanfx&amp;__tn__=*NK-R\">#GobAltaVerapaz<\/a><\/span><\/div>\n<\/div>\n<\/div>\n<\/div>\n<\/div>\n<\/div>\n<p>&nbsp;<\/p>\n<p>&nbsp;<\/p>\n<div><\/div>\n<p>&nbsp;<\/p>\n","protected":false},"excerpt":{"rendered":"<p>El viernes 14 en la Comisi\u00f3n Departamental de la Mujer CODEMUJER se presentaron los resultados de la Encuesta Nacional de Calidad y Bienestar de los Hogares -ENCABIH- que muestra la alarmante prevalencia de violencia contra mujeres en Alta Verapaz, datos proporcionados por la Delegaci\u00f3n Departamental del INE Guatemala. Se hicieron acuerdos para implementar programas educativos [&hellip;]<\/p>\n","protected":false},"author":1,"featured_media":18784,"comment_status":"closed","ping_status":"open","sticky":false,"template":"","format":"gallery","meta":[],"categories":[183],"tags":[178],"_links":{"self":[{"href":"https:\/\/gobernacionaltaverapaz.gob.gt\/index.php?rest_route=\/wp\/v2\/posts\/18793"}],"collection":[{"href":"https:\/\/gobernacionaltaverapaz.gob.gt\/index.php?rest_route=\/wp\/v2\/posts"}],"about":[{"href":"https:\/\/gobernacionaltaverapaz.gob.gt\/index.php?rest_route=\/wp\/v2\/types\/post"}],"author":[{"embeddable":true,"href":"https:\/\/gobernacionaltaverapaz.gob.gt\/index.php?rest_route=\/wp\/v2\/users\/1"}],"replies":[{"embeddable":true,"href":"https:\/\/gobernacionaltaverapaz.gob.gt\/index.php?rest_route=%2Fwp%2Fv2%2Fcomments&post=18793"}],"version-history":[{"count":1,"href":"https:\/\/gobernacionaltaverapaz.gob.gt\/index.php?rest_route=\/wp\/v2\/posts\/18793\/revisions"}],"predecessor-version":[{"id":18794,"href":"https:\/\/gobernacionaltaverapaz.gob.gt\/index.php?rest_route=\/wp\/v2\/posts\/18793\/revisions\/18794"}],"wp:featuredmedia":[{"embeddable":true,"href":"https:\/\/gobernacionaltaverapaz.gob.gt\/index.php?rest_route=\/wp\/v2\/media\/18784"}],"wp:attachment":[{"href":"https:\/\/gobernacionaltaverapaz.gob.gt\/index.php?rest_route=%2Fwp%2Fv2%2Fmedia&parent=18793"}],"wp:term":[{"taxonomy":"category","embeddable":true,"href":"https:\/\/gobernacionaltaverapaz.gob.gt\/index.php?rest_route=%2Fwp%2Fv2%2Fcategories&post=18793"},{"taxonomy":"post_tag","embeddable":true,"href":"https:\/\/gobernacionaltaverapaz.gob.gt\/index.php?rest_route=%2Fwp%2Fv2%2Ftags&post=18793"}],"curies":[{"name":"wp","href":"https:\/\/api.w.org\/{rel}","templated":true}]}}